{"id":7647,"date":"2025-06-01T19:32:40","date_gmt":"2025-06-01T19:32:40","guid":{"rendered":"https:\/\/fuentis.com\/?p=7647"},"modified":"2025-06-10T08:57:49","modified_gmt":"2025-06-10T08:57:49","slug":"was-gehoert-zur-kritischen-infrastruktur-kritis","status":"publish","type":"post","link":"https:\/\/fuentis.com\/en\/was-gehoert-zur-kritischen-infrastruktur-kritis\/","title":{"rendered":"Was geh\u00f6rt zur kritischen Infrastruktur?"},"content":{"rendered":"<div data-elementor-type=\"wp-post\" data-elementor-id=\"7647\" class=\"elementor elementor-7647\" data-elementor-post-type=\"post\">\n\t\t\t\t<div class=\"elementor-element elementor-element-27718018 e-flex e-con-boxed e-con e-parent\" data-id=\"27718018\" data-element_type=\"container\" data-e-type=\"container\">\n\t\t\t\t\t<div class=\"e-con-inner\">\n\t\t\t\t<div class=\"elementor-element elementor-element-262d3511 elementor-widget elementor-widget-text-editor\" data-id=\"262d3511\" data-element_type=\"widget\" data-e-type=\"widget\" data-widget_type=\"text-editor.default\">\n\t\t\t\t<div class=\"elementor-widget-container\">\n\t\t\t\t\t\t\t\t\t<h1 class=\"ai-optimize-6\">Was geh\u00f6rt zur kritischen Infrastruktur?<\/h1><h2 class=\"ai-optimize-7 ai-optimize-introduction\">Was ist KRITIS?<\/h2><p class=\"p1 ai-optimize-8 ai-optimize-introduction\"><a href=\"https:\/\/fuentis.com\/en\/kritis-2025-was-sich-durch-das-kritis-dachgesetz-aendern-soll\/\"><span class=\"s1\">KRITIS (Kritische Infrastrukturen)<\/span><\/a> bezeichnen Einrichtungen und Organisationen, die f\u00fcr das Funktionieren des Gemeinwesens essenziell sind. Ein Ausfall oder eine St\u00f6rung dieser Strukturen kann schwerwiegende Folgen haben. Etwa langanhaltende Versorgungsprobleme, erhebliche Beeintr\u00e4chtigungen der \u00f6ffentlichen Ordnung oder andere weitreichende Auswirkungen.<\/p><h3 class=\"ai-optimize-9\">Wann gilt etwas als kritische Infrastruktur?<\/h3><p class=\"p3 ai-optimize-10\">Nicht jede Einrichtung mit \u00f6ffentlichem Nutzen f\u00e4llt automatisch unter den Begriff der kritischen Infrastruktur. Um als KRITIS eingestuft zu werden, m\u00fcssen bestimmte Kriterien erf\u00fcllt sein. Entscheidend ist dabei vor allem die systemische Bedeutung f\u00fcr das Gemeinwesen. Eine Organisation oder ein Unternehmen gilt dann als KRITIS, wenn sein Ausfall zu erheblichen Versorgungsengp\u00e4ssen, massiven St\u00f6rungen der \u00f6ffentlichen Sicherheit oder anderen gravierenden Auswirkungen f\u00fchren w\u00fcrde.<\/p><p class=\"p3 ai-optimize-11\">Ein zentrales Kriterium ist die sogenannte Schwellenwertregelung. Diese legt fest, ab welcher Gr\u00f6\u00dfenordnung oder Leistungsf\u00e4higkeit eine Einrichtung als KRITIS gilt. Die konkreten Schwellenwerte werden in der <a href=\"https:\/\/www.gesetze-im-internet.de\/bsi-kritisv\/BJNR095800016.html\">BSI-Kritisverordnung<\/a> definiert und unterscheiden sich je nach Sektor. So spielt zum Beispiel bei Energieversorgern die eingespeiste Leistung, bei Krankenh\u00e4usern die Anzahl der behandelten Patientinnen und Patienten und bei Wasserwerken die t\u00e4gliche F\u00f6rdermenge eine Rolle.<\/p><p class=\"p3 ai-optimize-12\">Zus\u00e4tzlich zur quantitativen Schwelle ist auch der funktionale Beitrag zur Aufrechterhaltung zentraler gesellschaftlicher Funktionen entscheidend. Einrichtungen, die besonders viele Menschen versorgen, stark vernetzt sind oder f\u00fcr andere Systeme unverzichtbar sind, unterliegen einer besonderen Schutzverantwortung. Die Einordnung erfolgt dabei entweder durch Selbstidentifikation der Unternehmen oder durch die zust\u00e4ndigen Beh\u00f6rden auf Landes- oder Bundesebene. In unserem Blog &#8222;<a href=\"https:\/\/fuentis.com\/en\/kritis-identifikation-gehoert-meine-organisation-zu-kritis-dazu\/\">KRITIS Identifikation<\/a>&#8220; erfahren Sie mehr zur Selbstidentifikation Ihrer Organisation.<\/p><p><img fetchpriority=\"high\" decoding=\"async\" data-attachment-id=\"7656\" data-permalink=\"https:\/\/fuentis.com\/en\/was-gehoert-zur-kritischen-infrastruktur-kritis\/was-geho%cc%88rt-zur-kritischen-infrastruktur-2\/\" data-orig-file=\"https:\/\/i0.wp.com\/fuentis.com\/wp-content\/uploads\/2025\/06\/Was-gehoert-zur-kritischen-Infrastruktur-1.webp?fit=1024%2C1024&amp;ssl=1\" data-orig-size=\"1024,1024\" data-comments-opened=\"1\" data-image-meta=\"{&quot;aperture&quot;:&quot;0&quot;,&quot;credit&quot;:&quot;&quot;,&quot;camera&quot;:&quot;&quot;,&quot;caption&quot;:&quot;&quot;,&quot;created_timestamp&quot;:&quot;0&quot;,&quot;copyright&quot;:&quot;&quot;,&quot;focal_length&quot;:&quot;0&quot;,&quot;iso&quot;:&quot;0&quot;,&quot;shutter_speed&quot;:&quot;0&quot;,&quot;title&quot;:&quot;&quot;,&quot;orientation&quot;:&quot;0&quot;}\" data-image-title=\"Was geho\u0308rt zur kritischen Infrastruktur\" data-image-description=\"&lt;p&gt;Was geho\u0308rt zur kritischen Infrastruktur&lt;\/p&gt;\" data-image-caption=\"&lt;p&gt;Was geho\u0308rt zur kritischen Infrastruktur&lt;\/p&gt;\" data-large-file=\"https:\/\/i0.wp.com\/fuentis.com\/wp-content\/uploads\/2025\/06\/Was-gehoert-zur-kritischen-Infrastruktur-1.webp?fit=1024%2C1024&amp;ssl=1\" data-recalc-dims=\"1\" class=\"wp-image-7656 aligncenter\" src=\"https:\/\/i0.wp.com\/fuentis.com\/wp-content\/uploads\/2025\/06\/Was-gehoert-zur-kritischen-Infrastruktur-1.png?resize=467%2C467&#038;ssl=1\" alt=\"v\" width=\"467\" height=\"467\" \/><\/p><h3 class=\"ai-optimize-13\">Die 9 KRITIS-Sektoren im \u00dcberblick<\/h3><p class=\"p3 ai-optimize-14\">Um die komplexe Landschaft der kritischen Infrastrukturen greifbar zu machen, hat das Bundesamt f\u00fcr Sicherheit in der Informationstechnik (BSI) neun Sektoren definiert, denen jeweils systemrelevante Einrichtungen und Organisationen zugeordnet sind. Diese Sektoren decken zentrale Lebensbereiche ab, deren Funktionieren f\u00fcr unsere Gesellschaft unerl\u00e4sslich ist:<\/p><h4 class=\"ai-optimize-15\">Energie<\/h4><p class=\"p3 ai-optimize-16\">Dieser Sektor umfasst die Erzeugung, Umwandlung, Speicherung und Verteilung von Strom, Gas und Kraftstoffen. Ohne eine gesicherte Energieversorgung steht nahezu jedes andere System still \u2013 vom Licht in Krankenh\u00e4usern bis zur digitalen Kommunikation.<\/p><h4 class=\"ai-optimize-17\">Informationstechnik und Telekommunikation<\/h4><p class=\"p3 ai-optimize-18\">Hierzu z\u00e4hlen Betreiber von Internetknotenpunkten, Mobilfunknetzen und Rechenzentren. Sie sichern die digitale Infrastruktur und sind damit ein R\u00fcckgrat f\u00fcr Wirtschaft, Verwaltung und Notfallkommunikation.<\/p><h4 class=\"ai-optimize-33\">Wasser<\/h4><p class=\"p3 ai-optimize-20\">Die Versorgung mit sauberem Trinkwasser und die Entsorgung von Abwasser sind Grundpfeiler \u00f6ffentlicher Gesundheit. Wasserwerke, Kl\u00e4ranlagen und Netzbetreiber fallen unter diesen Bereich.<\/p><h4 class=\"ai-optimize-21\">Ern\u00e4hrung<\/h4><p class=\"p3 ai-optimize-22\">Zu diesem Sektor geh\u00f6ren Unternehmen der Produktion, Verarbeitung und des Gro\u00dfhandels von Lebensmitteln. Ihre Aufgabe ist es, die Bev\u00f6lkerung kontinuierlich mit sicheren Nahrungsmitteln zu versorgen.<\/p><h4 class=\"ai-optimize-23\">Gesundheit<\/h4><p class=\"p3 ai-optimize-24\">Hier sind Krankenh\u00e4user, Labore, Apotheken und Unternehmen der Arzneimittelversorgung vertreten. Gerade in Krisenzeiten zeigt sich, wie entscheidend ein funktionierendes Gesundheitssystem ist.<\/p><h4 class=\"ai-optimize-25\">Finanz- und Versicherungswesen<\/h4><p class=\"p3 ai-optimize-26\">Banken, B\u00f6rsen, Zahlungsdienstleister und Versicherer stellen sicher, dass wirtschaftliche Prozesse und soziale Absicherung funktionieren \u2013 auch in Ausnahmesituationen.<\/p><h4 class=\"ai-optimize-27\">Transport und Verkehr<\/h4><p class=\"p3 ai-optimize-28\">Der Personen- und G\u00fcterverkehr \u00fcber Stra\u00dfe, Schiene, Luft und Wasser f\u00e4llt in diesen Sektor. Er ist essenziell f\u00fcr die Versorgungsketten und die Mobilit\u00e4t von Menschen und Einsatzkr\u00e4ften.<\/p><h4 class=\"p3 ai-optimize-28\">State and administration<\/h4><p class=\"p3 ai-optimize-30\">Dieser Bereich umfasst staatliche Kernfunktionen wie Parlamente, Ministerien, Polizei, Katastrophenschutz sowie zentrale Verwaltungs- und Justizstellen.<\/p><h4 class=\"ai-optimize-31\">Medien und Kultur<\/h4><p class=\"p3 ai-optimize-32\">Medienh\u00e4user, Nachrichtenagenturen und Rundfunkanstalten gew\u00e4hrleisten, dass Informationen verl\u00e4sslich verbreitet werden. In Krisenf\u00e4llen ist dies besonders wichtig, um Desinformation entgegenzuwirken.<\/p><h3 class=\"ai-optimize-60\">Beispiele aus der Praxis<\/h3><p class=\"p3 ai-optimize-55\">Die abstrakten Sektoren und Kriterien zur Einordnung als kritische Infrastruktur lassen sich am besten anhand konkreter Beispiele veranschaulichen. Sie zeigen, wie vielf\u00e4ltig KRITIS in der Realit\u00e4t ist und wie schnell Organisationen in diese Kategorie fallen k\u00f6nnen, ohne es auf den ersten Blick zu erwarten.<\/p><p class=\"p3 ai-optimize-56\">Ein klassisches Beispiel ist ein <span class=\"s2\">Krankenhaus<\/span>, das j\u00e4hrlich mehr als 30.000 vollstation\u00e4re Patientinnen und Patienten behandelt. Ab dieser Schwelle gilt es gem\u00e4\u00df der KRITIS-Verordnung als kritische Infrastruktur im Sektor Gesundheit und unterliegt damit besonderen Pflichten hinsichtlich IT-Sicherheit, Notfallvorsorge und Meldepflichten.<\/p><p class=\"p3 ai-optimize-57\">Auch ein <span class=\"s2\">Rechenzentrum<\/span> mit einer elektrischen Anschlussleistung von mehr als 3,5 Megawatt f\u00e4llt unter die KRITIS-Kriterien im Bereich Informationstechnik. Hier geht es insbesondere um die Absicherung der digitalen Systeme und der physischen Infrastruktur, auf die zahlreiche weitere Organisationen angewiesen sind.<\/p><p class=\"p3 ai-optimize-58\">Ein weiteres Beispiel ist ein <span class=\"s2\">Lebensmittelgro\u00dfh\u00e4ndler<\/span>, der t\u00e4glich mehrere Millionen Menschen mit Waren beliefert. Wenn bestimmte Schwellenwerte hinsichtlich Umsatz oder Verteilungskapazit\u00e4t \u00fcberschritten werden, kann auch dieser Betrieb als KRITIS-relevant eingestuft werden, mit entsprechenden Konsequenzen f\u00fcr das Risikomanagement und die Sicherheitsanforderungen.<\/p><p class=\"p3 ai-optimize-59\">Diese Beispiele machen deutlich: Kritische Infrastrukturen begegnen uns nicht nur in Kernbereichen wie Strom und Wasser, sondern auch in oft untersch\u00e4tzten Bereichen wie Logistik, IT oder Handel. Eine fundierte Risikoanalyse und fr\u00fchzeitige Identifikation helfen Unternehmen, ihrer Verantwortung gerecht zu werden und im Ernstfall resilient zu bleiben.<\/p><h3 class=\"ai-optimize-61\">Gesetzliche Grundlagen und Schutzkonzepte<\/h3><p class=\"p3 ai-optimize-62\">Der Schutz kritischer Infrastrukturen ist nicht nur eine organisatorische Herausforderung, sondern auch gesetzlich geregelt. Die wichtigsten rechtlichen Grundlagen stammen aus dem <span class=\"s2\">BSI-Gesetz (BSIG)<\/span>, der <span class=\"s2\">BSI-Kritisverordnung (BSI-KritisV)<\/span> und zunehmend auch aus europ\u00e4ischen Regelungen wie der <a href=\"https:\/\/fuentis.com\/en\/was-ist-nis2\/\"><span class=\"s2\">NIS2-Richtlinie<\/span>.<\/a><\/p><p class=\"p3 ai-optimize-63\">Das BSI-Gesetz verpflichtet Betreiber kritischer Infrastrukturen zur Umsetzung angemessener technischer und organisatorischer Ma\u00dfnahmen, um IT-St\u00f6rungen zu verhindern oder deren Auswirkungen zu minimieren. Au\u00dferdem m\u00fcssen erhebliche IT-Sicherheitsvorf\u00e4lle dem Bundesamt f\u00fcr Sicherheit in der Informationstechnik (BSI) gemeldet werden.<\/p><p class=\"p3 ai-optimize-64\">Die BSI-Kritisverordnung konkretisiert, welche Betreiber in welchen Sektoren unter das Gesetz fallen, etwa durch die bereits erw\u00e4hnten Schwellenwerte. Sie dient als zentraler Bezugspunkt f\u00fcr die Selbstidentifikation von KRITIS-Betreibern.<\/p><p class=\"p3 ai-optimize-65\">The <span class=\"s2\">NIS2-Richtlinie<\/span>, die aktuell in deutsches Recht \u00fcberf\u00fchrt wird, versch\u00e4rft und erweitert diese Anforderungen noch einmal deutlich: mehr Sektoren, strengere Sicherheitsvorgaben und einheitliche Vorgaben in der EU sollen f\u00fcr ein h\u00f6heres Sicherheitsniveau sorgen. Auch Unternehmen, die bisher nicht unter die KRITIS-Regelungen fielen, k\u00f6nnen k\u00fcnftig betroffen sein.<\/p><p class=\"p3 ai-optimize-66\">Zum Schutz ihrer Systeme setzen KRITIS-Betreiber auf etablierte <span class=\"s2\">Sicherheitskonzepte<\/span>, wie z.\u202fB.:<\/p><ul><li class=\"ai-optimize-67\"><p class=\"p1 ai-optimize-68\">Einf\u00fchrung eines <span class=\"s1\">Information Security Management Systems <a href=\"https:\/\/fuentis.com\/en\/isms-tool\/\">(ISMS)<\/a><\/span>, z.\u202fB. nach ISO 27001 oder BSI IT-Grundschutz<\/p><\/li><li class=\"ai-optimize-69\"><p class=\"p1 ai-optimize-70\">Durchf\u00fchrung von <span class=\"s1\">Risikoanalysen<\/span> zur Identifikation und Bewertung von Bedrohungen<\/p><\/li><li class=\"ai-optimize-71\"><p class=\"p1 ai-optimize-72\"><span class=\"s1\">Emergency management <a href=\"https:\/\/fuentis.com\/en\/bcms-tool\/\">(BCM)<\/a><\/span>, um bei Ausf\u00e4llen schnell reagieren zu k\u00f6nnen (z.\u202fB. nach BSI-Standard 200-4)<\/p><\/li><li class=\"ai-optimize-73\"><p class=\"p1 ai-optimize-74\">Etablierung von <span class=\"s1\">Sicherheitsrichtlinien<\/span>, Zugangskontrollen und Schulungen f\u00fcr Mitarbeitende<\/p><\/li><\/ul><p class=\"p3 ai-optimize-75\">Die Kombination aus gesetzlichen Vorgaben und praxisorientierten Schutzma\u00dfnahmen bildet das Fundament f\u00fcr eine robuste Sicherheitsarchitektur in KRITIS-Unternehmen.<\/p><h3 class=\"ai-optimize-76\">Warum der Schutz kritischer Infrastrukturen immer wichtiger wird<\/h3><p class=\"p3 ai-optimize-77\">Die Bedeutung kritischer Infrastrukturen nimmt in einer zunehmend vernetzten und krisenanf\u00e4lligen Welt weiter zu. Globale Ereignisse wie die COVID-19-Pandemie, Naturkatastrophen, geopolitische Spannungen oder gezielte Cyberangriffe haben in den vergangenen Jahren deutlich gezeigt, wie verletzlich zentrale Versorgungssysteme sein k\u00f6nnen und welche weitreichenden Folgen ein Ausfall haben kann.<\/p><p class=\"p3 ai-optimize-78\">Mit der zunehmenden Digitalisierung steigen zudem die potenziellen Angriffspunkte. Viele Systeme sind heute stark vernetzt, was ihre Effizienz steigert, aber auch neue Schwachstellen schafft. Angriffe auf Versorger, Krankenh\u00e4user oder Beh\u00f6rden sind l\u00e4ngst keine hypothetischen Szenarien mehr, sondern realistische Bedrohungen. Gleichzeitig f\u00fchren Klimawandel, Energiekrisen und politische Unsicherheiten zu zus\u00e4tzlichen Belastungen f\u00fcr die Versorgungssicherheit.<\/p><p class=\"p3 ai-optimize-79\">In diesem Kontext gewinnen gesetzliche Initiativen wie die NIS2-Richtlinie oder das geplante KRITIS-Dachgesetz an Bedeutung. Sie sollen nicht nur bestehende Schutzma\u00dfnahmen vereinheitlichen, sondern auch Unternehmen aus weiteren Bereichen in die Pflicht nehmen \u2013 z.\u202fB. mittelgro\u00dfe Organisationen, die bisher nicht als KRITIS galten, aber durch ihre Rolle im Netzwerk kritische Funktionen \u00fcbernehmen.<\/p><p class=\"p3 ai-optimize-80\">Der Schutz kritischer Infrastrukturen ist daher keine statische Aufgabe, sondern ein fortlaufender Prozess, der technische, organisatorische und gesetzliche Entwicklungen kontinuierlich einbeziehen muss. Unternehmen sind gefordert, ihre Resilienz gezielt zu st\u00e4rken, durch Investitionen in IT-Sicherheit, klare Zust\u00e4ndigkeiten und vorausschauende Risikoanalysen.<\/p><h3 class=\"ai-optimize-81\">Conclusion<\/h3><p class=\"p1 ai-optimize-82\">Kritische Infrastrukturen sind das R\u00fcckgrat unserer Gesellschaft. Ihr Schutz ist essenziell, nicht nur im Krisenfall, sondern im t\u00e4glichen Betrieb. Wer versteht, welche Bereiche unter KRITIS fallen, welche gesetzlichen Anforderungen gelten und welche Risiken bestehen, kann fr\u00fchzeitig die richtigen Ma\u00dfnahmen ergreifen. Gerade in einer zunehmend digitalisierten Welt ist Resilienz keine Option, sondern Pflicht.<\/p>\t\t\t\t\t\t\t\t<\/div>\n\t\t\t\t<\/div>\n\t\t\t\t\t<\/div>\n\t\t\t\t<\/div>\n\t\t<div class=\"elementor-element elementor-element-580143e e-flex e-con-boxed e-con e-parent\" data-id=\"580143e\" data-element_type=\"container\" data-e-type=\"container\">\n\t\t\t\t\t<div class=\"e-con-inner\">\n\t\t\t\t<div class=\"elementor-element elementor-element-d11a356 elementor-widget elementor-widget-spacer\" data-id=\"d11a356\" data-element_type=\"widget\" data-e-type=\"widget\" data-widget_type=\"spacer.default\">\n\t\t\t\t<div class=\"elementor-widget-container\">\n\t\t\t\t\t\t\t<div class=\"elementor-spacer\">\n\t\t\t<div class=\"elementor-spacer-inner\"><\/div>\n\t\t<\/div>\n\t\t\t\t\t\t<\/div>\n\t\t\t\t<\/div>\n\t\t\t\t<div class=\"elementor-element elementor-element-367bd27 elementor-widget elementor-widget-heading\" data-id=\"367bd27\" data-element_type=\"widget\" data-e-type=\"widget\" data-widget_type=\"heading.default\">\n\t\t\t\t<div class=\"elementor-widget-container\">\n\t\t\t\t\t<h2 class=\"elementor-heading-title elementor-size-default\">Q&amp;A<\/h2>\t\t\t\t<\/div>\n\t\t\t\t<\/div>\n\t\t\t\t<div class=\"elementor-element elementor-element-9b6e006 elementor-widget elementor-widget-n-accordion\" data-id=\"9b6e006\" data-element_type=\"widget\" data-e-type=\"widget\" data-settings=\"{&quot;default_state&quot;:&quot;expanded&quot;,&quot;max_items_expended&quot;:&quot;one&quot;,&quot;n_accordion_animation_duration&quot;:{&quot;unit&quot;:&quot;ms&quot;,&quot;size&quot;:400,&quot;sizes&quot;:[]}}\" data-widget_type=\"nested-accordion.default\">\n\t\t\t\t<div class=\"elementor-widget-container\">\n\t\t\t\t\t\t\t<div class=\"e-n-accordion\" aria-label=\"What does CMDB stand for?\">\n\t\t\t\t\t\t<details id=\"e-n-accordion-item-1620\" class=\"e-n-accordion-item\" open>\n\t\t\t\t<summary class=\"e-n-accordion-item-title\" data-accordion-index=\"1\" tabindex=\"0\" aria-expanded=\"true\" aria-controls=\"e-n-accordion-item-1620\" >\n\t\t\t\t\t<span class='e-n-accordion-item-title-header'><div class=\"e-n-accordion-item-title-text\"> Was z\u00e4hlt zur kritischen Infrastruktur? <\/div><\/span>\n\t\t\t\t\t\t\t<span class='e-n-accordion-item-title-icon'>\n\t\t\t<span class='e-opened' ><svg aria-hidden=\"true\" class=\"e-font-icon-svg e-fas-minus\" viewbox=\"0 0 448 512\" xmlns=\"http:\/\/www.w3.org\/2000\/svg\"><path d=\"M416 208H32c-17.67 0-32 14.33-32 32v32c0 17.67 14.33 32 32 32h384c17.67 0 32-14.33 32-32v-32c0-17.67-14.33-32-32-32z\"><\/path><\/svg><\/span>\n\t\t\t<span class='e-closed'><svg aria-hidden=\"true\" class=\"e-font-icon-svg e-fas-plus\" viewbox=\"0 0 448 512\" xmlns=\"http:\/\/www.w3.org\/2000\/svg\"><path d=\"M416 208H272V64c0-17.67-14.33-32-32-32h-32c-17.67 0-32 14.33-32 32v144H32c-17.67 0-32 14.33-32 32v32c0 17.67 14.33 32 32 32h144v144c0 17.67 14.33 32 32 32h32c17.67 0 32-14.33 32-32V304h144c17.67 0 32-14.33 32-32v-32c0-17.67-14.33-32-32-32z\"><\/path><\/svg><\/span>\n\t\t<\/span>\n\n\t\t\t\t\t\t<\/summary>\n\t\t\t\t<div role=\"region\" aria-labelledby=\"e-n-accordion-item-1620\" class=\"elementor-element elementor-element-db889d5 e-con-full e-flex e-con e-child\" data-id=\"db889d5\" data-element_type=\"container\" data-e-type=\"container\">\n\t\t\t\t<div class=\"elementor-element elementor-element-d2d82b8 elementor-widget elementor-widget-text-editor\" data-id=\"d2d82b8\" data-element_type=\"widget\" data-e-type=\"widget\" data-widget_type=\"text-editor.default\">\n\t\t\t\t<div class=\"elementor-widget-container\">\n\t\t\t\t\t\t\t\t\t<p class=\"p1\">Zu kritischer Infrastruktur geh\u00f6ren Organisationen und Einrichtungen aus Bereichen wie Energie, Wasser, Gesundheit, IT, Ern\u00e4hrung, Verkehr, Staat und Verwaltung, Medien, Finanzen und Siedlungsabfallentsorgung, deren Ausfall schwerwiegende Folgen f\u00fcr die Gesellschaft h\u00e4tte.<\/p>\t\t\t\t\t\t\t\t<\/div>\n\t\t\t\t<\/div>\n\t\t\t\t<\/div>\n\t\t\t\t\t<\/details>\n\t\t\t\t\t\t<details id=\"e-n-accordion-item-1621\" class=\"e-n-accordion-item\" >\n\t\t\t\t<summary class=\"e-n-accordion-item-title\" data-accordion-index=\"2\" tabindex=\"-1\" aria-expanded=\"false\" aria-controls=\"e-n-accordion-item-1621\" >\n\t\t\t\t\t<span class='e-n-accordion-item-title-header'><div class=\"e-n-accordion-item-title-text\"> Wer legt fest, was KRITIS ist? <\/div><\/span>\n\t\t\t\t\t\t\t<span class='e-n-accordion-item-title-icon'>\n\t\t\t<span class='e-opened' ><svg aria-hidden=\"true\" class=\"e-font-icon-svg e-fas-minus\" viewbox=\"0 0 448 512\" xmlns=\"http:\/\/www.w3.org\/2000\/svg\"><path d=\"M416 208H32c-17.67 0-32 14.33-32 32v32c0 17.67 14.33 32 32 32h384c17.67 0 32-14.33 32-32v-32c0-17.67-14.33-32-32-32z\"><\/path><\/svg><\/span>\n\t\t\t<span class='e-closed'><svg aria-hidden=\"true\" class=\"e-font-icon-svg e-fas-plus\" viewbox=\"0 0 448 512\" xmlns=\"http:\/\/www.w3.org\/2000\/svg\"><path d=\"M416 208H272V64c0-17.67-14.33-32-32-32h-32c-17.67 0-32 14.33-32 32v144H32c-17.67 0-32 14.33-32 32v32c0 17.67 14.33 32 32 32h144v144c0 17.67 14.33 32 32 32h32c17.67 0 32-14.33 32-32V304h144c17.67 0 32-14.33 32-32v-32c0-17.67-14.33-32-32-32z\"><\/path><\/svg><\/span>\n\t\t<\/span>\n\n\t\t\t\t\t\t<\/summary>\n\t\t\t\t<div role=\"region\" aria-labelledby=\"e-n-accordion-item-1621\" class=\"elementor-element elementor-element-e692ab4 e-con-full e-flex e-con e-child\" data-id=\"e692ab4\" data-element_type=\"container\" data-e-type=\"container\">\n\t\t\t\t<div class=\"elementor-element elementor-element-2dab5f7 elementor-widget elementor-widget-text-editor\" data-id=\"2dab5f7\" data-element_type=\"widget\" data-e-type=\"widget\" data-widget_type=\"text-editor.default\">\n\t\t\t\t<div class=\"elementor-widget-container\">\n\t\t\t\t\t\t\t\t\t<p class=\"p1\">Die Einordnung erfolgt durch gesetzliche Vorgaben, insbesondere die BSI-Kritisverordnung. Sie definiert Schwellenwerte, ab wann ein Unternehmen als KRITIS gilt.<\/p>\t\t\t\t\t\t\t\t<\/div>\n\t\t\t\t<\/div>\n\t\t\t\t<\/div>\n\t\t\t\t\t<\/details>\n\t\t\t\t\t\t<details id=\"e-n-accordion-item-1622\" class=\"e-n-accordion-item\" >\n\t\t\t\t<summary class=\"e-n-accordion-item-title\" data-accordion-index=\"3\" tabindex=\"-1\" aria-expanded=\"false\" aria-controls=\"e-n-accordion-item-1622\" >\n\t\t\t\t\t<span class='e-n-accordion-item-title-header'><div class=\"e-n-accordion-item-title-text\"> Ist jedes Krankenhaus oder IT-Unternehmen automatisch KRITIS? <\/div><\/span>\n\t\t\t\t\t\t\t<span class='e-n-accordion-item-title-icon'>\n\t\t\t<span class='e-opened' ><svg aria-hidden=\"true\" class=\"e-font-icon-svg e-fas-minus\" viewbox=\"0 0 448 512\" xmlns=\"http:\/\/www.w3.org\/2000\/svg\"><path d=\"M416 208H32c-17.67 0-32 14.33-32 32v32c0 17.67 14.33 32 32 32h384c17.67 0 32-14.33 32-32v-32c0-17.67-14.33-32-32-32z\"><\/path><\/svg><\/span>\n\t\t\t<span class='e-closed'><svg aria-hidden=\"true\" class=\"e-font-icon-svg e-fas-plus\" viewbox=\"0 0 448 512\" xmlns=\"http:\/\/www.w3.org\/2000\/svg\"><path d=\"M416 208H272V64c0-17.67-14.33-32-32-32h-32c-17.67 0-32 14.33-32 32v144H32c-17.67 0-32 14.33-32 32v32c0 17.67 14.33 32 32 32h144v144c0 17.67 14.33 32 32 32h32c17.67 0 32-14.33 32-32V304h144c17.67 0 32-14.33 32-32v-32c0-17.67-14.33-32-32-32z\"><\/path><\/svg><\/span>\n\t\t<\/span>\n\n\t\t\t\t\t\t<\/summary>\n\t\t\t\t<div role=\"region\" aria-labelledby=\"e-n-accordion-item-1622\" class=\"elementor-element elementor-element-d916b7c e-con-full e-flex e-con e-child\" data-id=\"d916b7c\" data-element_type=\"container\" data-e-type=\"container\">\n\t\t\t\t<div class=\"elementor-element elementor-element-db74ec6 elementor-widget elementor-widget-text-editor\" data-id=\"db74ec6\" data-element_type=\"widget\" data-e-type=\"widget\" data-widget_type=\"text-editor.default\">\n\t\t\t\t<div class=\"elementor-widget-container\">\n\t\t\t\t\t\t\t\t\t<p class=\"p1\">Nein. Erst wenn bestimmte Gr\u00f6\u00dfenkriterien \u00fcberschritten werden (z.\u202fB. mehr als 30.000 station\u00e4re Patienten pro Jahr), gelten Einrichtungen als KRITIS im Sinne der Verordnung.<\/p>\t\t\t\t\t\t\t\t<\/div>\n\t\t\t\t<\/div>\n\t\t\t\t<\/div>\n\t\t\t\t\t<\/details>\n\t\t\t\t\t\t<details id=\"e-n-accordion-item-1623\" class=\"e-n-accordion-item\" >\n\t\t\t\t<summary class=\"e-n-accordion-item-title\" data-accordion-index=\"4\" tabindex=\"-1\" aria-expanded=\"false\" aria-controls=\"e-n-accordion-item-1623\" >\n\t\t\t\t\t<span class='e-n-accordion-item-title-header'><div class=\"e-n-accordion-item-title-text\"> Welche Pflichten haben KRITIS-Betreiber? <\/div><\/span>\n\t\t\t\t\t\t\t<span class='e-n-accordion-item-title-icon'>\n\t\t\t<span class='e-opened' ><svg aria-hidden=\"true\" class=\"e-font-icon-svg e-fas-minus\" viewbox=\"0 0 448 512\" xmlns=\"http:\/\/www.w3.org\/2000\/svg\"><path d=\"M416 208H32c-17.67 0-32 14.33-32 32v32c0 17.67 14.33 32 32 32h384c17.67 0 32-14.33 32-32v-32c0-17.67-14.33-32-32-32z\"><\/path><\/svg><\/span>\n\t\t\t<span class='e-closed'><svg aria-hidden=\"true\" class=\"e-font-icon-svg e-fas-plus\" viewbox=\"0 0 448 512\" xmlns=\"http:\/\/www.w3.org\/2000\/svg\"><path d=\"M416 208H272V64c0-17.67-14.33-32-32-32h-32c-17.67 0-32 14.33-32 32v144H32c-17.67 0-32 14.33-32 32v32c0 17.67 14.33 32 32 32h144v144c0 17.67 14.33 32 32 32h32c17.67 0 32-14.33 32-32V304h144c17.67 0 32-14.33 32-32v-32c0-17.67-14.33-32-32-32z\"><\/path><\/svg><\/span>\n\t\t<\/span>\n\n\t\t\t\t\t\t<\/summary>\n\t\t\t\t<div role=\"region\" aria-labelledby=\"e-n-accordion-item-1623\" class=\"elementor-element elementor-element-7e174c6 e-flex e-con-boxed e-con e-child\" data-id=\"7e174c6\" data-element_type=\"container\" data-e-type=\"container\">\n\t\t\t\t\t<div class=\"e-con-inner\">\n\t\t\t\t<div class=\"elementor-element elementor-element-872158f elementor-widget elementor-widget-text-editor\" data-id=\"872158f\" data-element_type=\"widget\" data-e-type=\"widget\" data-widget_type=\"text-editor.default\">\n\t\t\t\t<div class=\"elementor-widget-container\">\n\t\t\t\t\t\t\t\t\t<p class=\"p1\">KRITIS-Betreiber m\u00fcssen unter anderem ein Informationssicherheitsmanagementsystem (ISMS) einf\u00fchren, Sicherheitsvorf\u00e4lle melden und regelm\u00e4\u00dfige Risikoanalysen durchf\u00fchren.<\/p>\t\t\t\t\t\t\t\t<\/div>\n\t\t\t\t<\/div>\n\t\t\t\t\t<\/div>\n\t\t\t\t<\/div>\n\t\t\t\t\t<\/details>\n\t\t\t\t\t\t<details id=\"e-n-accordion-item-1624\" class=\"e-n-accordion-item\" >\n\t\t\t\t<summary class=\"e-n-accordion-item-title\" data-accordion-index=\"5\" tabindex=\"-1\" aria-expanded=\"false\" aria-controls=\"e-n-accordion-item-1624\" >\n\t\t\t\t\t<span class='e-n-accordion-item-title-header'><div class=\"e-n-accordion-item-title-text\"> Wird sich durch neue Gesetze wie NIS2 oder das KRITIS-Dachgesetz etwas \u00e4ndern? <\/div><\/span>\n\t\t\t\t\t\t\t<span class='e-n-accordion-item-title-icon'>\n\t\t\t<span class='e-opened' ><svg aria-hidden=\"true\" class=\"e-font-icon-svg e-fas-minus\" viewbox=\"0 0 448 512\" xmlns=\"http:\/\/www.w3.org\/2000\/svg\"><path d=\"M416 208H32c-17.67 0-32 14.33-32 32v32c0 17.67 14.33 32 32 32h384c17.67 0 32-14.33 32-32v-32c0-17.67-14.33-32-32-32z\"><\/path><\/svg><\/span>\n\t\t\t<span class='e-closed'><svg aria-hidden=\"true\" class=\"e-font-icon-svg e-fas-plus\" viewbox=\"0 0 448 512\" xmlns=\"http:\/\/www.w3.org\/2000\/svg\"><path d=\"M416 208H272V64c0-17.67-14.33-32-32-32h-32c-17.67 0-32 14.33-32 32v144H32c-17.67 0-32 14.33-32 32v32c0 17.67 14.33 32 32 32h144v144c0 17.67 14.33 32 32 32h32c17.67 0 32-14.33 32-32V304h144c17.67 0 32-14.33 32-32v-32c0-17.67-14.33-32-32-32z\"><\/path><\/svg><\/span>\n\t\t<\/span>\n\n\t\t\t\t\t\t<\/summary>\n\t\t\t\t<div role=\"region\" aria-labelledby=\"e-n-accordion-item-1624\" class=\"elementor-element elementor-element-e1f3d89 e-flex e-con-boxed e-con e-child\" data-id=\"e1f3d89\" data-element_type=\"container\" data-e-type=\"container\">\n\t\t\t\t\t<div class=\"e-con-inner\">\n\t\t\t\t<div class=\"elementor-element elementor-element-018c56c elementor-widget elementor-widget-text-editor\" data-id=\"018c56c\" data-element_type=\"widget\" data-e-type=\"widget\" data-widget_type=\"text-editor.default\">\n\t\t\t\t<div class=\"elementor-widget-container\">\n\t\t\t\t\t\t\t\t\t<p class=\"p1\">Ja. K\u00fcnftig werden mehr Unternehmen erfasst, und die Anforderungen an Sicherheit, Meldepflichten und Resilienz werden umfassender und strenger.<\/p>\t\t\t\t\t\t\t\t<\/div>\n\t\t\t\t<\/div>\n\t\t\t\t\t<\/div>\n\t\t\t\t<\/div>\n\t\t\t\t\t<\/details>\n\t\t\t\t\t<\/div>\n\t\t\t\t\t\t<\/div>\n\t\t\t\t<\/div>\n\t\t\t\t\t<\/div>\n\t\t\t\t<\/div>\n\t\t\t\t<\/div>","protected":false},"excerpt":{"rendered":"<p>Was geh\u00f6rt zur kritischen Infrastruktur? Was ist KRITIS? KRITIS (Kritische Infrastrukturen) bezeichnen Einrichtungen und Organisationen, die f\u00fcr das Funktionieren des Gemeinwesens essenziell sind. Ein Ausfall oder eine St\u00f6rung dieser Strukturen kann schwerwiegende Folgen haben. Etwa langanhaltende Versorgungsprobleme, erhebliche Beeintr\u00e4chtigungen der \u00f6ffentlichen Ordnung oder andere weitreichende Auswirkungen. Wann gilt etwas als kritische Infrastruktur? Nicht jede Einrichtung [&hellip;]<\/p>\n","protected":false},"author":249796503,"featured_media":7674,"comment_status":"open","ping_status":"open","sticky":false,"template":"","format":"standard","meta":{"_crdt_document":"","_uag_custom_page_level_css":"","site-sidebar-layout":"default","site-content-layout":"","ast-site-content-layout":"default","site-content-style":"default","site-sidebar-style":"default","ast-global-header-display":"","ast-banner-title-visibility":"","ast-main-header-display":"","ast-hfb-above-header-display":"","ast-hfb-below-header-display":"","ast-hfb-mobile-header-display":"","site-post-title":"","ast-breadcrumbs-content":"","ast-featured-img":"","footer-sml-layout":"","theme-transparent-header-meta":"default","adv-header-id-meta":"","stick-header-meta":"default","header-above-stick-meta":"","header-main-stick-meta":"","header-below-stick-meta":"","astra-migrate-meta-layouts":"set","ast-page-background-enabled":"default","ast-page-background-meta":{"desktop":{"background-color":"var(--ast-global-color-4)","background-image":"","background-repeat":"repeat","background-position":"center center","background-size":"auto","background-attachment":"scroll","background-type":"","background-media":"","overlay-type":"","overlay-color":"","overlay-opacity":"","overlay-gradient":""},"tablet":{"background-color":"","background-image":"","background-repeat":"repeat","background-position":"center center","background-size":"auto","background-attachment":"scroll","background-type":"","background-media":"","overlay-type":"","overlay-color":"","overlay-opacity":"","overlay-gradient":""},"mobile":{"background-color":"","background-image":"","background-repeat":"repeat","background-position":"center center","background-size":"auto","background-attachment":"scroll","background-type":"","background-media":"","overlay-type":"","overlay-color":"","overlay-opacity":"","overlay-gradient":""}},"ast-content-background-meta":{"desktop":{"background-color":"var(--ast-global-color-5)","background-image":"","background-repeat":"repeat","background-position":"center center","background-size":"auto","background-attachment":"scroll","background-type":"","background-media":"","overlay-type":"","overlay-color":"","overlay-opacity":"","overlay-gradient":""},"tablet":{"background-color":"var(--ast-global-color-5)","background-image":"","background-repeat":"repeat","background-position":"center center","background-size":"auto","background-attachment":"scroll","background-type":"","background-media":"","overlay-type":"","overlay-color":"","overlay-opacity":"","overlay-gradient":""},"mobile":{"background-color":"var(--ast-global-color-5)","background-image":"","background-repeat":"repeat","background-position":"center center","background-size":"auto","background-attachment":"scroll","background-type":"","background-media":"","overlay-type":"","overlay-color":"","overlay-opacity":"","overlay-gradient":""}},"_jetpack_newsletter_access":"","_jetpack_dont_email_post_to_subs":false,"_jetpack_newsletter_tier_id":0,"_jetpack_memberships_contains_paywalled_content":false,"_jetpack_memberships_contains_paid_content":false,"footnotes":"","jetpack_publicize_message":"","jetpack_publicize_feature_enabled":true,"jetpack_social_post_already_shared":true,"jetpack_social_options":{"image_generator_settings":{"template":"highway","default_image_id":0,"font":"","enabled":false},"version":2},"_wpas_customize_per_network":false,"jetpack_post_was_ever_published":false},"categories":[27],"tags":[],"class_list":["post-7647","post","type-post","status-publish","format-standard","has-post-thumbnail","hentry","category-kritis"],"yoast_head":"<!-- This site is optimized with the Yoast SEO Premium plugin v27.5 (Yoast SEO v27.5) - https:\/\/yoast.com\/product\/yoast-seo-premium-wordpress\/ -->\n<title>Was geh\u00f6rt zur kritischen Infrastruktur? | KRITIS | 2025<\/title>\n<meta name=\"description\" content=\"Was geh\u00f6rt in 2025 zur kritischen Infrastruktur? Die KRITIS-Verordnung des BSI gibt dar\u00fcber Aufschluss und setzt Schwellenwerte.\" \/>\n<meta name=\"robots\" content=\"index, follow, max-snippet:-1, max-image-preview:large, max-video-preview:-1\" \/>\n<link rel=\"canonical\" href=\"https:\/\/fuentis.com\/en\/was-gehoert-zur-kritischen-infrastruktur-kritis\/\" \/>\n<meta property=\"og:locale\" content=\"en_GB\" \/>\n<meta property=\"og:type\" content=\"article\" \/>\n<meta property=\"og:title\" content=\"Was geh\u00f6rt zur kritischen Infrastruktur?\" \/>\n<meta property=\"og:description\" content=\"Was geh\u00f6rt in 2025 zur kritischen Infrastruktur? Die KRITIS-Verordnung des BSI gibt dar\u00fcber Aufschluss und setzt Schwellenwerte.\" \/>\n<meta property=\"og:url\" content=\"https:\/\/fuentis.com\/en\/was-gehoert-zur-kritischen-infrastruktur-kritis\/\" \/>\n<meta property=\"og:site_name\" content=\"fuentis\" \/>\n<meta property=\"article:publisher\" content=\"https:\/\/www.facebook.com\/fuentisAG\/\" \/>\n<meta property=\"article:published_time\" content=\"2025-06-01T19:32:40+00:00\" \/>\n<meta property=\"article:modified_time\" content=\"2025-06-10T08:57:49+00:00\" \/>\n<meta property=\"og:image\" content=\"https:\/\/fuentis.com\/wp-content\/uploads\/2025\/06\/fuentis-AG-OG-Image-Was-gehoert-zur-kritischen-Infrastruktur-1.00.webp\" \/>\n\t<meta property=\"og:image:width\" content=\"1200\" \/>\n\t<meta property=\"og:image:height\" content=\"630\" \/>\n\t<meta property=\"og:image:type\" content=\"image\/webp\" \/>\n<meta name=\"author\" content=\"Srdan Manasijevic\" \/>\n<meta name=\"twitter:card\" content=\"summary_large_image\" \/>\n<meta name=\"twitter:description\" content=\"Was geh\u00f6rt in 2025 zur kritischen Infrastruktur? Die KRITIS-Verordnung des BSI gibt dar\u00fcber Aufschluss und setzt Schwellenwerte.\" \/>\n<meta name=\"twitter:creator\" content=\"@fuentisAG\" \/>\n<meta name=\"twitter:site\" content=\"@fuentisAG\" \/>\n<meta name=\"twitter:label1\" content=\"Written by\" \/>\n\t<meta name=\"twitter:data1\" content=\"Srdan Manasijevic\" \/>\n\t<meta name=\"twitter:label2\" content=\"Estimated reading time\" \/>\n\t<meta name=\"twitter:data2\" content=\"9 minutes\" \/>\n<script type=\"application\/ld+json\" class=\"yoast-schema-graph\">{\"@context\":\"https:\\\/\\\/schema.org\",\"@graph\":[{\"@type\":\"Article\",\"@id\":\"https:\\\/\\\/fuentis.com\\\/was-gehoert-zur-kritischen-infrastruktur-kritis\\\/#article\",\"isPartOf\":{\"@id\":\"https:\\\/\\\/fuentis.com\\\/was-gehoert-zur-kritischen-infrastruktur-kritis\\\/\"},\"author\":{\"name\":\"Srdan Manasijevic\",\"@id\":\"https:\\\/\\\/fuentis.com\\\/#\\\/schema\\\/person\\\/b8e4b7a7ae41aff4c7a9849c181a65b8\"},\"headline\":\"Was geh\u00f6rt zur kritischen Infrastruktur?\",\"datePublished\":\"2025-06-01T19:32:40+00:00\",\"dateModified\":\"2025-06-10T08:57:49+00:00\",\"mainEntityOfPage\":{\"@id\":\"https:\\\/\\\/fuentis.com\\\/was-gehoert-zur-kritischen-infrastruktur-kritis\\\/\"},\"wordCount\":1567,\"commentCount\":0,\"publisher\":{\"@id\":\"https:\\\/\\\/fuentis.com\\\/#organization\"},\"image\":{\"@id\":\"https:\\\/\\\/fuentis.com\\\/was-gehoert-zur-kritischen-infrastruktur-kritis\\\/#primaryimage\"},\"thumbnailUrl\":\"https:\\\/\\\/i0.wp.com\\\/fuentis.com\\\/wp-content\\\/uploads\\\/2025\\\/06\\\/fuentis-AG-OG-Image-Was-gehoert-zur-kritischen-Infrastruktur-1.00.webp?fit=1200%2C630&ssl=1\",\"articleSection\":[\"KRITIS\"],\"inLanguage\":\"en-GB\",\"potentialAction\":[{\"@type\":\"CommentAction\",\"name\":\"Comment\",\"target\":[\"https:\\\/\\\/fuentis.com\\\/was-gehoert-zur-kritischen-infrastruktur-kritis\\\/#respond\"]}]},{\"@type\":\"WebPage\",\"@id\":\"https:\\\/\\\/fuentis.com\\\/was-gehoert-zur-kritischen-infrastruktur-kritis\\\/\",\"url\":\"https:\\\/\\\/fuentis.com\\\/was-gehoert-zur-kritischen-infrastruktur-kritis\\\/\",\"name\":\"Was geh\u00f6rt zur kritischen Infrastruktur? | KRITIS | 2025\",\"isPartOf\":{\"@id\":\"https:\\\/\\\/fuentis.com\\\/#website\"},\"primaryImageOfPage\":{\"@id\":\"https:\\\/\\\/fuentis.com\\\/was-gehoert-zur-kritischen-infrastruktur-kritis\\\/#primaryimage\"},\"image\":{\"@id\":\"https:\\\/\\\/fuentis.com\\\/was-gehoert-zur-kritischen-infrastruktur-kritis\\\/#primaryimage\"},\"thumbnailUrl\":\"https:\\\/\\\/i0.wp.com\\\/fuentis.com\\\/wp-content\\\/uploads\\\/2025\\\/06\\\/fuentis-AG-OG-Image-Was-gehoert-zur-kritischen-Infrastruktur-1.00.webp?fit=1200%2C630&ssl=1\",\"datePublished\":\"2025-06-01T19:32:40+00:00\",\"dateModified\":\"2025-06-10T08:57:49+00:00\",\"description\":\"Was geh\u00f6rt in 2025 zur kritischen Infrastruktur? Die KRITIS-Verordnung des BSI gibt dar\u00fcber Aufschluss und setzt Schwellenwerte.\",\"breadcrumb\":{\"@id\":\"https:\\\/\\\/fuentis.com\\\/was-gehoert-zur-kritischen-infrastruktur-kritis\\\/#breadcrumb\"},\"inLanguage\":\"en-GB\",\"potentialAction\":[{\"@type\":\"ReadAction\",\"target\":[\"https:\\\/\\\/fuentis.com\\\/was-gehoert-zur-kritischen-infrastruktur-kritis\\\/\"]}]},{\"@type\":\"ImageObject\",\"inLanguage\":\"en-GB\",\"@id\":\"https:\\\/\\\/fuentis.com\\\/was-gehoert-zur-kritischen-infrastruktur-kritis\\\/#primaryimage\",\"url\":\"https:\\\/\\\/i0.wp.com\\\/fuentis.com\\\/wp-content\\\/uploads\\\/2025\\\/06\\\/fuentis-AG-OG-Image-Was-gehoert-zur-kritischen-Infrastruktur-1.00.webp?fit=1200%2C630&ssl=1\",\"contentUrl\":\"https:\\\/\\\/i0.wp.com\\\/fuentis.com\\\/wp-content\\\/uploads\\\/2025\\\/06\\\/fuentis-AG-OG-Image-Was-gehoert-zur-kritischen-Infrastruktur-1.00.webp?fit=1200%2C630&ssl=1\",\"width\":1200,\"height\":630,\"caption\":\"fuentis AG - OG Image - Was geho\u0308rt zur kritischen Infrastruktur - 1.00\"},{\"@type\":\"BreadcrumbList\",\"@id\":\"https:\\\/\\\/fuentis.com\\\/was-gehoert-zur-kritischen-infrastruktur-kritis\\\/#breadcrumb\",\"itemListElement\":[{\"@type\":\"ListItem\",\"position\":1,\"name\":\"Home\",\"item\":\"https:\\\/\\\/fuentis.com\\\/\"},{\"@type\":\"ListItem\",\"position\":2,\"name\":\"Was geh\u00f6rt zur kritischen Infrastruktur?\"}]},{\"@type\":\"WebSite\",\"@id\":\"https:\\\/\\\/fuentis.com\\\/#website\",\"url\":\"https:\\\/\\\/fuentis.com\\\/\",\"name\":\"fuentis AG | fuentis Suite\",\"description\":\"Die IT-Compliance Plattform f\u00fcr ISO 27001, BSI IT-Grundschutz und Risikomanagement.\",\"publisher\":{\"@id\":\"https:\\\/\\\/fuentis.com\\\/#organization\"},\"alternateName\":\"fuentis AG | Homepage\",\"potentialAction\":[{\"@type\":\"SearchAction\",\"target\":{\"@type\":\"EntryPoint\",\"urlTemplate\":\"https:\\\/\\\/fuentis.com\\\/?s={search_term_string}\"},\"query-input\":{\"@type\":\"PropertyValueSpecification\",\"valueRequired\":true,\"valueName\":\"search_term_string\"}}],\"inLanguage\":\"en-GB\"},{\"@type\":\"Organization\",\"@id\":\"https:\\\/\\\/fuentis.com\\\/#organization\",\"name\":\"fuentis AG\",\"alternateName\":\"fuentis\",\"url\":\"https:\\\/\\\/fuentis.com\\\/\",\"logo\":{\"@type\":\"ImageObject\",\"inLanguage\":\"en-GB\",\"@id\":\"https:\\\/\\\/fuentis.com\\\/#\\\/schema\\\/logo\\\/image\\\/\",\"url\":\"https:\\\/\\\/i0.wp.com\\\/fuentis.com\\\/wp-content\\\/uploads\\\/2024\\\/10\\\/cropped-Fuentis-Logo-Icon-1.00.jpeg?fit=512%2C512&ssl=1\",\"contentUrl\":\"https:\\\/\\\/i0.wp.com\\\/fuentis.com\\\/wp-content\\\/uploads\\\/2024\\\/10\\\/cropped-Fuentis-Logo-Icon-1.00.jpeg?fit=512%2C512&ssl=1\",\"width\":512,\"height\":512,\"caption\":\"fuentis AG\"},\"image\":{\"@id\":\"https:\\\/\\\/fuentis.com\\\/#\\\/schema\\\/logo\\\/image\\\/\"},\"sameAs\":[\"https:\\\/\\\/www.facebook.com\\\/fuentisAG\\\/\",\"https:\\\/\\\/x.com\\\/fuentisAG\",\"https:\\\/\\\/mastodon.social\\\/@fuentisag\",\"https:\\\/\\\/de.linkedin.com\\\/company\\\/fuentis\",\"https:\\\/\\\/www.youtube.com\\\/@fuentisAG\",\"https:\\\/\\\/www.instagram.com\\\/fuentisag\\\/\"],\"description\":\"Fuentis vereint Cybersicherheit, Informationssicherheit und Datenschutz in einem Tool. Jetzt pers\u00f6nliches Angebot anfordern!\",\"email\":\"info@fuentis.com\",\"telephone\":\"+ 49 (331) 885 9211 -0\",\"legalName\":\"fuentis AG\",\"foundingDate\":\"2016-01-01\",\"vatID\":\"DE313123288\",\"numberOfEmployees\":{\"@type\":\"QuantitativeValue\",\"minValue\":\"11\",\"maxValue\":\"50\"}},{\"@type\":\"Person\",\"@id\":\"https:\\\/\\\/fuentis.com\\\/#\\\/schema\\\/person\\\/b8e4b7a7ae41aff4c7a9849c181a65b8\",\"name\":\"Srdan Manasijevic\",\"image\":{\"@type\":\"ImageObject\",\"inLanguage\":\"en-GB\",\"@id\":\"https:\\\/\\\/secure.gravatar.com\\\/avatar\\\/5bbbd470c77d8d79f4e89926e610bd8a29b351634d47e1575c09bace50d83f71?s=96&d=mm&r=g\",\"url\":\"https:\\\/\\\/secure.gravatar.com\\\/avatar\\\/5bbbd470c77d8d79f4e89926e610bd8a29b351634d47e1575c09bace50d83f71?s=96&d=mm&r=g\",\"contentUrl\":\"https:\\\/\\\/secure.gravatar.com\\\/avatar\\\/5bbbd470c77d8d79f4e89926e610bd8a29b351634d47e1575c09bace50d83f71?s=96&d=mm&r=g\",\"caption\":\"Srdan Manasijevic\"},\"url\":\"https:\\\/\\\/fuentis.com\\\/en\\\/author\\\/srdan-manasijevic\\\/\"}]}<\/script>\n<!-- \/ Yoast SEO Premium plugin. -->","yoast_head_json":{"title":"Was geh\u00f6rt zur kritischen Infrastruktur? | KRITIS | 2025","description":"Was geh\u00f6rt in 2025 zur kritischen Infrastruktur? Die KRITIS-Verordnung des BSI gibt dar\u00fcber Aufschluss und setzt Schwellenwerte.","robots":{"index":"index","follow":"follow","max-snippet":"max-snippet:-1","max-image-preview":"max-image-preview:large","max-video-preview":"max-video-preview:-1"},"canonical":"https:\/\/fuentis.com\/en\/was-gehoert-zur-kritischen-infrastruktur-kritis\/","og_locale":"en_GB","og_type":"article","og_title":"Was geh\u00f6rt zur kritischen Infrastruktur?","og_description":"Was geh\u00f6rt in 2025 zur kritischen Infrastruktur? Die KRITIS-Verordnung des BSI gibt dar\u00fcber Aufschluss und setzt Schwellenwerte.","og_url":"https:\/\/fuentis.com\/en\/was-gehoert-zur-kritischen-infrastruktur-kritis\/","og_site_name":"fuentis","article_publisher":"https:\/\/www.facebook.com\/fuentisAG\/","article_published_time":"2025-06-01T19:32:40+00:00","article_modified_time":"2025-06-10T08:57:49+00:00","og_image":[{"width":1200,"height":630,"url":"https:\/\/fuentis.com\/wp-content\/uploads\/2025\/06\/fuentis-AG-OG-Image-Was-gehoert-zur-kritischen-Infrastruktur-1.00.webp","type":"image\/webp"}],"author":"Srdan Manasijevic","twitter_card":"summary_large_image","twitter_description":"Was geh\u00f6rt in 2025 zur kritischen Infrastruktur? Die KRITIS-Verordnung des BSI gibt dar\u00fcber Aufschluss und setzt Schwellenwerte.","twitter_creator":"@fuentisAG","twitter_site":"@fuentisAG","twitter_misc":{"Written by":"Srdan Manasijevic","Estimated reading time":"9 minutes"},"schema":{"@context":"https:\/\/schema.org","@graph":[{"@type":"Article","@id":"https:\/\/fuentis.com\/was-gehoert-zur-kritischen-infrastruktur-kritis\/#article","isPartOf":{"@id":"https:\/\/fuentis.com\/was-gehoert-zur-kritischen-infrastruktur-kritis\/"},"author":{"name":"Srdan Manasijevic","@id":"https:\/\/fuentis.com\/#\/schema\/person\/b8e4b7a7ae41aff4c7a9849c181a65b8"},"headline":"Was geh\u00f6rt zur kritischen Infrastruktur?","datePublished":"2025-06-01T19:32:40+00:00","dateModified":"2025-06-10T08:57:49+00:00","mainEntityOfPage":{"@id":"https:\/\/fuentis.com\/was-gehoert-zur-kritischen-infrastruktur-kritis\/"},"wordCount":1567,"commentCount":0,"publisher":{"@id":"https:\/\/fuentis.com\/#organization"},"image":{"@id":"https:\/\/fuentis.com\/was-gehoert-zur-kritischen-infrastruktur-kritis\/#primaryimage"},"thumbnailUrl":"https:\/\/i0.wp.com\/fuentis.com\/wp-content\/uploads\/2025\/06\/fuentis-AG-OG-Image-Was-gehoert-zur-kritischen-Infrastruktur-1.00.webp?fit=1200%2C630&ssl=1","articleSection":["KRITIS"],"inLanguage":"en-GB","potentialAction":[{"@type":"CommentAction","name":"Comment","target":["https:\/\/fuentis.com\/was-gehoert-zur-kritischen-infrastruktur-kritis\/#respond"]}]},{"@type":"WebPage","@id":"https:\/\/fuentis.com\/was-gehoert-zur-kritischen-infrastruktur-kritis\/","url":"https:\/\/fuentis.com\/was-gehoert-zur-kritischen-infrastruktur-kritis\/","name":"Was geh\u00f6rt zur kritischen Infrastruktur? | KRITIS | 2025","isPartOf":{"@id":"https:\/\/fuentis.com\/#website"},"primaryImageOfPage":{"@id":"https:\/\/fuentis.com\/was-gehoert-zur-kritischen-infrastruktur-kritis\/#primaryimage"},"image":{"@id":"https:\/\/fuentis.com\/was-gehoert-zur-kritischen-infrastruktur-kritis\/#primaryimage"},"thumbnailUrl":"https:\/\/i0.wp.com\/fuentis.com\/wp-content\/uploads\/2025\/06\/fuentis-AG-OG-Image-Was-gehoert-zur-kritischen-Infrastruktur-1.00.webp?fit=1200%2C630&ssl=1","datePublished":"2025-06-01T19:32:40+00:00","dateModified":"2025-06-10T08:57:49+00:00","description":"Was geh\u00f6rt in 2025 zur kritischen Infrastruktur? Die KRITIS-Verordnung des BSI gibt dar\u00fcber Aufschluss und setzt Schwellenwerte.","breadcrumb":{"@id":"https:\/\/fuentis.com\/was-gehoert-zur-kritischen-infrastruktur-kritis\/#breadcrumb"},"inLanguage":"en-GB","potentialAction":[{"@type":"ReadAction","target":["https:\/\/fuentis.com\/was-gehoert-zur-kritischen-infrastruktur-kritis\/"]}]},{"@type":"ImageObject","inLanguage":"en-GB","@id":"https:\/\/fuentis.com\/was-gehoert-zur-kritischen-infrastruktur-kritis\/#primaryimage","url":"https:\/\/i0.wp.com\/fuentis.com\/wp-content\/uploads\/2025\/06\/fuentis-AG-OG-Image-Was-gehoert-zur-kritischen-Infrastruktur-1.00.webp?fit=1200%2C630&ssl=1","contentUrl":"https:\/\/i0.wp.com\/fuentis.com\/wp-content\/uploads\/2025\/06\/fuentis-AG-OG-Image-Was-gehoert-zur-kritischen-Infrastruktur-1.00.webp?fit=1200%2C630&ssl=1","width":1200,"height":630,"caption":"fuentis AG - OG Image - Was geho\u0308rt zur kritischen Infrastruktur - 1.00"},{"@type":"BreadcrumbList","@id":"https:\/\/fuentis.com\/was-gehoert-zur-kritischen-infrastruktur-kritis\/#breadcrumb","itemListElement":[{"@type":"ListItem","position":1,"name":"Home","item":"https:\/\/fuentis.com\/"},{"@type":"ListItem","position":2,"name":"Was geh\u00f6rt zur kritischen Infrastruktur?"}]},{"@type":"WebSite","@id":"https:\/\/fuentis.com\/#website","url":"https:\/\/fuentis.com\/","name":"fuentis AG | fuentis Suite","description":"Die IT-Compliance Plattform f\u00fcr ISO 27001, BSI IT-Grundschutz und Risikomanagement.","publisher":{"@id":"https:\/\/fuentis.com\/#organization"},"alternateName":"fuentis AG | Homepage","potentialAction":[{"@type":"SearchAction","target":{"@type":"EntryPoint","urlTemplate":"https:\/\/fuentis.com\/?s={search_term_string}"},"query-input":{"@type":"PropertyValueSpecification","valueRequired":true,"valueName":"search_term_string"}}],"inLanguage":"en-GB"},{"@type":"Organization","@id":"https:\/\/fuentis.com\/#organization","name":"fuentis AG","alternateName":"fuentis","url":"https:\/\/fuentis.com\/","logo":{"@type":"ImageObject","inLanguage":"en-GB","@id":"https:\/\/fuentis.com\/#\/schema\/logo\/image\/","url":"https:\/\/i0.wp.com\/fuentis.com\/wp-content\/uploads\/2024\/10\/cropped-Fuentis-Logo-Icon-1.00.jpeg?fit=512%2C512&ssl=1","contentUrl":"https:\/\/i0.wp.com\/fuentis.com\/wp-content\/uploads\/2024\/10\/cropped-Fuentis-Logo-Icon-1.00.jpeg?fit=512%2C512&ssl=1","width":512,"height":512,"caption":"fuentis AG"},"image":{"@id":"https:\/\/fuentis.com\/#\/schema\/logo\/image\/"},"sameAs":["https:\/\/www.facebook.com\/fuentisAG\/","https:\/\/x.com\/fuentisAG","https:\/\/mastodon.social\/@fuentisag","https:\/\/de.linkedin.com\/company\/fuentis","https:\/\/www.youtube.com\/@fuentisAG","https:\/\/www.instagram.com\/fuentisag\/"],"description":"Fuentis vereint Cybersicherheit, Informationssicherheit und Datenschutz in einem Tool. Jetzt pers\u00f6nliches Angebot anfordern!","email":"info@fuentis.com","telephone":"+ 49 (331) 885 9211 -0","legalName":"fuentis AG","foundingDate":"2016-01-01","vatID":"DE313123288","numberOfEmployees":{"@type":"QuantitativeValue","minValue":"11","maxValue":"50"}},{"@type":"Person","@id":"https:\/\/fuentis.com\/#\/schema\/person\/b8e4b7a7ae41aff4c7a9849c181a65b8","name":"Srdan Manasijevic","image":{"@type":"ImageObject","inLanguage":"en-GB","@id":"https:\/\/secure.gravatar.com\/avatar\/5bbbd470c77d8d79f4e89926e610bd8a29b351634d47e1575c09bace50d83f71?s=96&d=mm&r=g","url":"https:\/\/secure.gravatar.com\/avatar\/5bbbd470c77d8d79f4e89926e610bd8a29b351634d47e1575c09bace50d83f71?s=96&d=mm&r=g","contentUrl":"https:\/\/secure.gravatar.com\/avatar\/5bbbd470c77d8d79f4e89926e610bd8a29b351634d47e1575c09bace50d83f71?s=96&d=mm&r=g","caption":"Srdan Manasijevic"},"url":"https:\/\/fuentis.com\/en\/author\/srdan-manasijevic\/"}]}},"jetpack_publicize_connections":[],"jetpack_featured_media_url":"https:\/\/i0.wp.com\/fuentis.com\/wp-content\/uploads\/2025\/06\/fuentis-AG-OG-Image-Was-gehoert-zur-kritischen-Infrastruktur-1.00.webp?fit=1200%2C630&ssl=1","uagb_featured_image_src":{"full":["https:\/\/i0.wp.com\/fuentis.com\/wp-content\/uploads\/2025\/06\/fuentis-AG-OG-Image-Was-gehoert-zur-kritischen-Infrastruktur-1.00.webp?fit=1200%2C630&ssl=1",1200,630,false],"thumbnail":["https:\/\/i0.wp.com\/fuentis.com\/wp-content\/uploads\/2025\/06\/fuentis-AG-OG-Image-Was-gehoert-zur-kritischen-Infrastruktur-1.00.webp?resize=150%2C150&ssl=1",150,150,true],"medium":["https:\/\/i0.wp.com\/fuentis.com\/wp-content\/uploads\/2025\/06\/fuentis-AG-OG-Image-Was-gehoert-zur-kritischen-Infrastruktur-1.00.webp?fit=300%2C158&ssl=1",300,158,true],"medium_large":["https:\/\/i0.wp.com\/fuentis.com\/wp-content\/uploads\/2025\/06\/fuentis-AG-OG-Image-Was-gehoert-zur-kritischen-Infrastruktur-1.00.webp?fit=768%2C403&ssl=1",768,403,true],"large":["https:\/\/i0.wp.com\/fuentis.com\/wp-content\/uploads\/2025\/06\/fuentis-AG-OG-Image-Was-gehoert-zur-kritischen-Infrastruktur-1.00.webp?fit=1024%2C538&ssl=1",1024,538,true],"1536x1536":["https:\/\/i0.wp.com\/fuentis.com\/wp-content\/uploads\/2025\/06\/fuentis-AG-OG-Image-Was-gehoert-zur-kritischen-Infrastruktur-1.00.webp?fit=1200%2C630&ssl=1",1200,630,true],"2048x2048":["https:\/\/i0.wp.com\/fuentis.com\/wp-content\/uploads\/2025\/06\/fuentis-AG-OG-Image-Was-gehoert-zur-kritischen-Infrastruktur-1.00.webp?fit=1200%2C630&ssl=1",1200,630,true],"trp-custom-language-flag":["https:\/\/i0.wp.com\/fuentis.com\/wp-content\/uploads\/2025\/06\/fuentis-AG-OG-Image-Was-gehoert-zur-kritischen-Infrastruktur-1.00.webp?fit=18%2C9&ssl=1",18,9,true],"newspack-article-block-landscape-large":["https:\/\/i0.wp.com\/fuentis.com\/wp-content\/uploads\/2025\/06\/fuentis-AG-OG-Image-Was-gehoert-zur-kritischen-Infrastruktur-1.00.webp?resize=1200%2C630&ssl=1",1200,630,true],"newspack-article-block-portrait-large":["https:\/\/i0.wp.com\/fuentis.com\/wp-content\/uploads\/2025\/06\/fuentis-AG-OG-Image-Was-gehoert-zur-kritischen-Infrastruktur-1.00.webp?resize=900%2C630&ssl=1",900,630,true],"newspack-article-block-square-large":["https:\/\/i0.wp.com\/fuentis.com\/wp-content\/uploads\/2025\/06\/fuentis-AG-OG-Image-Was-gehoert-zur-kritischen-Infrastruktur-1.00.webp?resize=1200%2C630&ssl=1",1200,630,true],"newspack-article-block-landscape-medium":["https:\/\/i0.wp.com\/fuentis.com\/wp-content\/uploads\/2025\/06\/fuentis-AG-OG-Image-Was-gehoert-zur-kritischen-Infrastruktur-1.00.webp?resize=800%2C600&ssl=1",800,600,true],"newspack-article-block-portrait-medium":["https:\/\/i0.wp.com\/fuentis.com\/wp-content\/uploads\/2025\/06\/fuentis-AG-OG-Image-Was-gehoert-zur-kritischen-Infrastruktur-1.00.webp?resize=600%2C630&ssl=1",600,630,true],"newspack-article-block-square-medium":["https:\/\/i0.wp.com\/fuentis.com\/wp-content\/uploads\/2025\/06\/fuentis-AG-OG-Image-Was-gehoert-zur-kritischen-Infrastruktur-1.00.webp?resize=800%2C630&ssl=1",800,630,true],"newspack-article-block-landscape-intermediate":["https:\/\/i0.wp.com\/fuentis.com\/wp-content\/uploads\/2025\/06\/fuentis-AG-OG-Image-Was-gehoert-zur-kritischen-Infrastruktur-1.00.webp?resize=600%2C450&ssl=1",600,450,true],"newspack-article-block-portrait-intermediate":["https:\/\/i0.wp.com\/fuentis.com\/wp-content\/uploads\/2025\/06\/fuentis-AG-OG-Image-Was-gehoert-zur-kritischen-Infrastruktur-1.00.webp?resize=450%2C600&ssl=1",450,600,true],"newspack-article-block-square-intermediate":["https:\/\/i0.wp.com\/fuentis.com\/wp-content\/uploads\/2025\/06\/fuentis-AG-OG-Image-Was-gehoert-zur-kritischen-Infrastruktur-1.00.webp?resize=600%2C600&ssl=1",600,600,true],"newspack-article-block-landscape-small":["https:\/\/i0.wp.com\/fuentis.com\/wp-content\/uploads\/2025\/06\/fuentis-AG-OG-Image-Was-gehoert-zur-kritischen-Infrastruktur-1.00.webp?resize=400%2C300&ssl=1",400,300,true],"newspack-article-block-portrait-small":["https:\/\/i0.wp.com\/fuentis.com\/wp-content\/uploads\/2025\/06\/fuentis-AG-OG-Image-Was-gehoert-zur-kritischen-Infrastruktur-1.00.webp?resize=300%2C400&ssl=1",300,400,true],"newspack-article-block-square-small":["https:\/\/i0.wp.com\/fuentis.com\/wp-content\/uploads\/2025\/06\/fuentis-AG-OG-Image-Was-gehoert-zur-kritischen-Infrastruktur-1.00.webp?resize=400%2C400&ssl=1",400,400,true],"newspack-article-block-landscape-tiny":["https:\/\/i0.wp.com\/fuentis.com\/wp-content\/uploads\/2025\/06\/fuentis-AG-OG-Image-Was-gehoert-zur-kritischen-Infrastruktur-1.00.webp?resize=200%2C150&ssl=1",200,150,true],"newspack-article-block-portrait-tiny":["https:\/\/i0.wp.com\/fuentis.com\/wp-content\/uploads\/2025\/06\/fuentis-AG-OG-Image-Was-gehoert-zur-kritischen-Infrastruktur-1.00.webp?resize=150%2C200&ssl=1",150,200,true],"newspack-article-block-square-tiny":["https:\/\/i0.wp.com\/fuentis.com\/wp-content\/uploads\/2025\/06\/fuentis-AG-OG-Image-Was-gehoert-zur-kritischen-Infrastruktur-1.00.webp?resize=200%2C200&ssl=1",200,200,true],"newspack-article-block-uncropped":["https:\/\/i0.wp.com\/fuentis.com\/wp-content\/uploads\/2025\/06\/fuentis-AG-OG-Image-Was-gehoert-zur-kritischen-Infrastruktur-1.00.webp?fit=1200%2C630&ssl=1",1200,630,true],"menu-24x24":["https:\/\/i0.wp.com\/fuentis.com\/wp-content\/uploads\/2025\/06\/fuentis-AG-OG-Image-Was-gehoert-zur-kritischen-Infrastruktur-1.00.webp?fit=24%2C13&ssl=1",24,13,true],"menu-36x36":["https:\/\/i0.wp.com\/fuentis.com\/wp-content\/uploads\/2025\/06\/fuentis-AG-OG-Image-Was-gehoert-zur-kritischen-Infrastruktur-1.00.webp?fit=36%2C19&ssl=1",36,19,true],"menu-48x48":["https:\/\/i0.wp.com\/fuentis.com\/wp-content\/uploads\/2025\/06\/fuentis-AG-OG-Image-Was-gehoert-zur-kritischen-Infrastruktur-1.00.webp?fit=48%2C25&ssl=1",48,25,true]},"uagb_author_info":{"display_name":"Srdan Manasijevic","author_link":"https:\/\/fuentis.com\/en\/author\/srdan-manasijevic\/"},"uagb_comment_info":0,"uagb_excerpt":"Was geh\u00f6rt zur kritischen Infrastruktur? Was ist KRITIS? KRITIS (Kritische Infrastrukturen) bezeichnen Einrichtungen und Organisationen, die f\u00fcr das Funktionieren des Gemeinwesens essenziell sind. Ein Ausfall oder eine St\u00f6rung dieser Strukturen kann schwerwiegende Folgen haben. Etwa langanhaltende Versorgungsprobleme, erhebliche Beeintr\u00e4chtigungen der \u00f6ffentlichen Ordnung oder andere weitreichende Auswirkungen. Wann gilt etwas als kritische Infrastruktur? Nicht jede Einrichtung&hellip;","jetpack_likes_enabled":false,"jetpack_sharing_enabled":true,"jetpack_shortlink":"https:\/\/wp.me\/pfIFB2-1Zl","jetpack-related-posts":[{"id":7622,"url":"https:\/\/fuentis.com\/en\/kritis-2025-was-sich-durch-das-kritis-dachgesetz-aendern-soll\/","url_meta":{"origin":7647,"position":0},"title":"KRITIS 2025: What the KRITIS umbrella law is set to change","author":"Srdan Manasijevic","date":"May 27, 2025","format":false,"excerpt":"KRITIS 2025: Was sich durch das KRITIS-Dachgesetz \u00e4ndern sollKRITIS im WandelKritische Infrastrukturen sind das R\u00fcckgrat moderner Gesellschaften. Ohne funktionierende Energieversorgung, Kommunikationsnetze, Gesundheitsversorgung oder Transportlogistik steht nicht nur der Alltag still \u2013 auch staatliche Stabilit\u00e4t und wirtschaftliche Leistungsf\u00e4higkeit geraten ins Wanken. Vor diesem Hintergrund nimmt der Schutz dieser lebenswichtigen Systeme seit\u2026","rel":"","context":"Similar post","block_context":{"text":"Similar post","link":""},"img":{"alt_text":"KRITIS-Gesetz 2025 Symbolbild fu\u0308r den Schutz kritischer Infrastrukturen in Deutschland","src":"https:\/\/i0.wp.com\/fuentis.com\/wp-content\/uploads\/2025\/05\/KRITIS-Gesetz-2025-Symbolbild-fuer-den-Schutz-kritischer-Infrastrukturen-in-Deutschland.webp?fit=1024%2C1024&ssl=1&resize=350%2C200","width":350,"height":200,"srcset":"https:\/\/i0.wp.com\/fuentis.com\/wp-content\/uploads\/2025\/05\/KRITIS-Gesetz-2025-Symbolbild-fuer-den-Schutz-kritischer-Infrastrukturen-in-Deutschland.webp?fit=1024%2C1024&ssl=1&resize=350%2C200 1x, https:\/\/i0.wp.com\/fuentis.com\/wp-content\/uploads\/2025\/05\/KRITIS-Gesetz-2025-Symbolbild-fuer-den-Schutz-kritischer-Infrastrukturen-in-Deutschland.webp?fit=1024%2C1024&ssl=1&resize=525%2C300 1.5x, https:\/\/i0.wp.com\/fuentis.com\/wp-content\/uploads\/2025\/05\/KRITIS-Gesetz-2025-Symbolbild-fuer-den-Schutz-kritischer-Infrastrukturen-in-Deutschland.webp?fit=1024%2C1024&ssl=1&resize=700%2C400 2x"},"classes":[]},{"id":7691,"url":"https:\/\/fuentis.com\/en\/kritis-identifikation-gehoert-meine-organisation-zu-kritis-dazu\/","url_meta":{"origin":7647,"position":1},"title":"KRITIS Identifikation &#8211; Geh\u00f6rt meine Organisation zu KRITIS dazu?","author":"Srdan Manasijevic","date":"June 10, 2025","format":false,"excerpt":"KRITIS Identifikation - Geh\u00f6rt meine Organisation zu KRITIS dazu? Unternehmen sind selbst verpflichtet, zu pr\u00fcfen, ob sie kritische Infrastrukturen betreiben. Dies umfasst insbesondere die Identifikation relevanter Anlagen sowie die Bewertung, ob diese f\u00fcr die Erbringung sogenannter \u201ekritischer Dienstleistungen\u201c notwendig sind. Grundlage hierf\u00fcr ist die BSI-Kritisverordnung, die auf \u00a7\u202f10 Absatz\u202f1 des\u2026","rel":"","context":"In &quot;KRITIS&quot;","block_context":{"text":"KRITIS","link":"https:\/\/fuentis.com\/en\/category\/kritis\/"},"img":{"alt_text":"KRITIS Identifikation - Geho\u0308rt meine Organisation zu KRITIS dazu?","src":"https:\/\/i0.wp.com\/fuentis.com\/wp-content\/uploads\/2025\/06\/KRITIS-Identifikation-Gehoert-meine-Organisation-zu-KRITIS-dazu.png?fit=1200%2C630&ssl=1&resize=350%2C200","width":350,"height":200,"srcset":"https:\/\/i0.wp.com\/fuentis.com\/wp-content\/uploads\/2025\/06\/KRITIS-Identifikation-Gehoert-meine-Organisation-zu-KRITIS-dazu.png?fit=1200%2C630&ssl=1&resize=350%2C200 1x, https:\/\/i0.wp.com\/fuentis.com\/wp-content\/uploads\/2025\/06\/KRITIS-Identifikation-Gehoert-meine-Organisation-zu-KRITIS-dazu.png?fit=1200%2C630&ssl=1&resize=525%2C300 1.5x, https:\/\/i0.wp.com\/fuentis.com\/wp-content\/uploads\/2025\/06\/KRITIS-Identifikation-Gehoert-meine-Organisation-zu-KRITIS-dazu.png?fit=1200%2C630&ssl=1&resize=700%2C400 2x, https:\/\/i0.wp.com\/fuentis.com\/wp-content\/uploads\/2025\/06\/KRITIS-Identifikation-Gehoert-meine-Organisation-zu-KRITIS-dazu.png?fit=1200%2C630&ssl=1&resize=1050%2C600 3x"},"classes":[]},{"id":7967,"url":"https:\/\/fuentis.com\/en\/kritis-im-compliance-dschungel-synergien-zwischen-gesetzen-und-standards-erfolgreich-nutzen\/","url_meta":{"origin":7647,"position":2},"title":"KRITIS im Compliance-Dschungel &#8211; Synergien zwischen Gesetzen und Standards erfolgreich nutzen","author":"Srdan Manasijevic","date":"August 20, 2025","format":false,"excerpt":"KRITIS im Compliance-Dschungel - Synergien zwischen Gesetzen und Standards erfolgreich nutzen Das BSI-Gesetz bildet das rechtliche Fundament der deutschen KRITIS-Regulierung und definiert in \u00a7 8a die zentralen Pflichten f\u00fcr Betreiber kritischer Infrastrukturen. Seit der letzten Novellierung m\u00fcssen KRITIS-Unternehmen nicht nur angemessene organisatorische und technische Vorkehrungen treffen, sondern auch alle zwei\u2026","rel":"","context":"In &quot;KRITIS&quot;","block_context":{"text":"KRITIS","link":"https:\/\/fuentis.com\/en\/category\/kritis\/"},"img":{"alt_text":"Erfahren Sie, wie KRITIS-Unternehmen die Komplexit\u00e4t von BSI-Gesetz, NIS2, DSGVO und branchenspezifischen Standards erfolgreich meistern. Praktische Tipps f\u00fcr integrierte ISMS-Ans\u00e4tze, Automatisierung und Synergien zwischen verschiedenen Compliance-Anforderungen.","src":"https:\/\/i0.wp.com\/fuentis.com\/wp-content\/uploads\/2025\/08\/KRITIS-synergien-im-compliance-dschungel.webp?fit=1200%2C630&ssl=1&resize=350%2C200","width":350,"height":200,"srcset":"https:\/\/i0.wp.com\/fuentis.com\/wp-content\/uploads\/2025\/08\/KRITIS-synergien-im-compliance-dschungel.webp?fit=1200%2C630&ssl=1&resize=350%2C200 1x, https:\/\/i0.wp.com\/fuentis.com\/wp-content\/uploads\/2025\/08\/KRITIS-synergien-im-compliance-dschungel.webp?fit=1200%2C630&ssl=1&resize=525%2C300 1.5x, https:\/\/i0.wp.com\/fuentis.com\/wp-content\/uploads\/2025\/08\/KRITIS-synergien-im-compliance-dschungel.webp?fit=1200%2C630&ssl=1&resize=700%2C400 2x, https:\/\/i0.wp.com\/fuentis.com\/wp-content\/uploads\/2025\/08\/KRITIS-synergien-im-compliance-dschungel.webp?fit=1200%2C630&ssl=1&resize=1050%2C600 3x"},"classes":[]},{"id":7929,"url":"https:\/\/fuentis.com\/en\/nis2-regierungsentwurf-eine-meldepflichten-fuer-unternehmen\/","url_meta":{"origin":7647,"position":3},"title":"NIS2 Regierungsentwurf &#8211; Eine Meldepflichten f\u00fcr Unternehmen","author":"Srdan Manasijevic","date":"August 1, 2025","format":false,"excerpt":"NIS2 Meldepflicht - Was der Regierungsentwurf f\u00fcr Unternehmen bedeutet Die Cybersicherheitslandschaft in Deutschland steht vor einem bedeutenden Wandel: Mit der Ver\u00f6ffentlichung des Regierungsentwurfs zur Umsetzung der NIS2-Richtlinie werden die NIS2 Meldepflichten deutlich versch\u00e4rft und auf einen wesentlich gr\u00f6\u00dferen Kreis von Unternehmen ausgeweitet. Was bisher haupts\u00e4chlich Betreiber kritischer Infrastrukturen betraf, wird\u2026","rel":"","context":"In &quot;NIS2&quot;","block_context":{"text":"NIS2","link":"https:\/\/fuentis.com\/en\/category\/nis2\/"},"img":{"alt_text":"NIS2 Meldepflicht - Was der Regierungsentwurf fu\u0308r Unternehmen bedeutet","src":"https:\/\/i0.wp.com\/fuentis.com\/wp-content\/uploads\/2025\/08\/NIS2-Meldepflicht-Was-der-Regierungsentwurf-fuer-Unternehmen-bedeutet.webp?fit=1200%2C630&ssl=1&resize=350%2C200","width":350,"height":200,"srcset":"https:\/\/i0.wp.com\/fuentis.com\/wp-content\/uploads\/2025\/08\/NIS2-Meldepflicht-Was-der-Regierungsentwurf-fuer-Unternehmen-bedeutet.webp?fit=1200%2C630&ssl=1&resize=350%2C200 1x, https:\/\/i0.wp.com\/fuentis.com\/wp-content\/uploads\/2025\/08\/NIS2-Meldepflicht-Was-der-Regierungsentwurf-fuer-Unternehmen-bedeutet.webp?fit=1200%2C630&ssl=1&resize=525%2C300 1.5x, https:\/\/i0.wp.com\/fuentis.com\/wp-content\/uploads\/2025\/08\/NIS2-Meldepflicht-Was-der-Regierungsentwurf-fuer-Unternehmen-bedeutet.webp?fit=1200%2C630&ssl=1&resize=700%2C400 2x, https:\/\/i0.wp.com\/fuentis.com\/wp-content\/uploads\/2025\/08\/NIS2-Meldepflicht-Was-der-Regierungsentwurf-fuer-Unternehmen-bedeutet.webp?fit=1200%2C630&ssl=1&resize=1050%2C600 3x"},"classes":[]},{"id":6558,"url":"https:\/\/fuentis.com\/en\/die-5-haeufigsten-fragen-zum-thema-isms\/","url_meta":{"origin":7647,"position":4},"title":"The 5 Most Common Questions About ISMS","author":"Srdan Manasijevic","date":"January 27, 2025","format":false,"excerpt":"Die 5 h\u00e4ufigsten Fragen zum Thema ISMS \u00a0 Was ist ein ISMS? Ein Informationsecuritymanagementsystem (ISMS) ist ein systematischer Ansatz, der aus einer Kombination von Richtlinien, Verfahren und technischen Ma\u00dfnahmen besteht, um die Informationssicherheit innerhalb einer Organisation zu gew\u00e4hrleisten. Ziel eines ISMS ist es, die Vertraulichkeit, Integrit\u00e4t und Verf\u00fcgbarkeit von Informationen\u2026","rel":"","context":"Similar post","block_context":{"text":"Similar post","link":""},"img":{"alt_text":"Welche Fragen werden am h\u00e4ufigsten zum Thema ISMS gestellt? In diesem Blog werden die 5 h\u00e4ufigsten Fragen zum Thema ISMS beantwortet.","src":"https:\/\/i0.wp.com\/fuentis.com\/wp-content\/uploads\/2025\/01\/OG-Image-Die-5-haeufigsten-Fragen-zum-Thema-ISMS-14.01.2025.png?fit=1200%2C630&ssl=1&resize=350%2C200","width":350,"height":200,"srcset":"https:\/\/i0.wp.com\/fuentis.com\/wp-content\/uploads\/2025\/01\/OG-Image-Die-5-haeufigsten-Fragen-zum-Thema-ISMS-14.01.2025.png?fit=1200%2C630&ssl=1&resize=350%2C200 1x, https:\/\/i0.wp.com\/fuentis.com\/wp-content\/uploads\/2025\/01\/OG-Image-Die-5-haeufigsten-Fragen-zum-Thema-ISMS-14.01.2025.png?fit=1200%2C630&ssl=1&resize=525%2C300 1.5x, https:\/\/i0.wp.com\/fuentis.com\/wp-content\/uploads\/2025\/01\/OG-Image-Die-5-haeufigsten-Fragen-zum-Thema-ISMS-14.01.2025.png?fit=1200%2C630&ssl=1&resize=700%2C400 2x, https:\/\/i0.wp.com\/fuentis.com\/wp-content\/uploads\/2025\/01\/OG-Image-Die-5-haeufigsten-Fragen-zum-Thema-ISMS-14.01.2025.png?fit=1200%2C630&ssl=1&resize=1050%2C600 3x"},"classes":[]},{"id":6385,"url":"https:\/\/fuentis.com\/en\/it-lagebericht-2024-zusammenfassung\/","url_meta":{"origin":7647,"position":5},"title":"IT security situation in 2024: the most important findings from the latest BSI status report","author":"Srdan Manasijevic","date":"November 25, 2024","format":false,"excerpt":"IT-Sicherheitslage 2024: Die wichtigsten Erkenntnisse aus dem aktuellen BSI-Lagebericht Die digitale Welt entwickelt sich rasant weiter, und mit ihr wachsen auch die Herausforderungen im Bereich der Cybersicherheit. Jahr f\u00fcr Jahr ver\u00f6ffentlicht das Bundesamt f\u00fcr Sicherheit in der Informationstechnik (BSI) seinen IT-Lagebericht, der einen umfassenden \u00dcberblick \u00fcber die aktuelle Sicherheitslage in\u2026","rel":"","context":"Similar post","block_context":{"text":"Similar post","link":""},"img":{"alt_text":"Jedes Jahr bringt das BSI den IT-Sicherheitslagebericht raus. In diesem Jahr zeigt er erneut, dass Deutschland weiter an seiner Informationssicherheit arbeiten sollte und dieses Thema nicht vernachl\u00e4ssigen darf.","src":"https:\/\/i0.wp.com\/fuentis.com\/wp-content\/uploads\/2024\/11\/OG-Image-IT-Lagebericht-2024-Zusammenfassung-20.11.2024.webp?fit=1200%2C630&ssl=1&resize=350%2C200","width":350,"height":200,"srcset":"https:\/\/i0.wp.com\/fuentis.com\/wp-content\/uploads\/2024\/11\/OG-Image-IT-Lagebericht-2024-Zusammenfassung-20.11.2024.webp?fit=1200%2C630&ssl=1&resize=350%2C200 1x, https:\/\/i0.wp.com\/fuentis.com\/wp-content\/uploads\/2024\/11\/OG-Image-IT-Lagebericht-2024-Zusammenfassung-20.11.2024.webp?fit=1200%2C630&ssl=1&resize=525%2C300 1.5x, https:\/\/i0.wp.com\/fuentis.com\/wp-content\/uploads\/2024\/11\/OG-Image-IT-Lagebericht-2024-Zusammenfassung-20.11.2024.webp?fit=1200%2C630&ssl=1&resize=700%2C400 2x, https:\/\/i0.wp.com\/fuentis.com\/wp-content\/uploads\/2024\/11\/OG-Image-IT-Lagebericht-2024-Zusammenfassung-20.11.2024.webp?fit=1200%2C630&ssl=1&resize=1050%2C600 3x"},"classes":[]}],"_links":{"self":[{"href":"https:\/\/fuentis.com\/en\/wp-json\/wp\/v2\/posts\/7647","targetHints":{"allow":["GET"]}}],"collection":[{"href":"https:\/\/fuentis.com\/en\/wp-json\/wp\/v2\/posts"}],"about":[{"href":"https:\/\/fuentis.com\/en\/wp-json\/wp\/v2\/types\/post"}],"author":[{"embeddable":true,"href":"https:\/\/fuentis.com\/en\/wp-json\/wp\/v2\/users\/249796503"}],"replies":[{"embeddable":true,"href":"https:\/\/fuentis.com\/en\/wp-json\/wp\/v2\/comments?post=7647"}],"version-history":[{"count":25,"href":"https:\/\/fuentis.com\/en\/wp-json\/wp\/v2\/posts\/7647\/revisions"}],"predecessor-version":[{"id":7702,"href":"https:\/\/fuentis.com\/en\/wp-json\/wp\/v2\/posts\/7647\/revisions\/7702"}],"wp:featuredmedia":[{"embeddable":true,"href":"https:\/\/fuentis.com\/en\/wp-json\/wp\/v2\/media\/7674"}],"wp:attachment":[{"href":"https:\/\/fuentis.com\/en\/wp-json\/wp\/v2\/media?parent=7647"}],"wp:term":[{"taxonomy":"category","embeddable":true,"href":"https:\/\/fuentis.com\/en\/wp-json\/wp\/v2\/categories?post=7647"},{"taxonomy":"post_tag","embeddable":true,"href":"https:\/\/fuentis.com\/en\/wp-json\/wp\/v2\/tags?post=7647"}],"curies":[{"name":"wp","href":"https:\/\/api.w.org\/{rel}","templated":true}]}}