{"id":7622,"date":"2025-05-27T21:27:24","date_gmt":"2025-05-27T21:27:24","guid":{"rendered":"https:\/\/fuentis.com\/?p=7622"},"modified":"2025-06-07T20:24:27","modified_gmt":"2025-06-07T20:24:27","slug":"kritis-2025-was-sich-durch-das-kritis-dachgesetz-aendern-soll","status":"publish","type":"post","link":"https:\/\/fuentis.com\/en\/kritis-2025-was-sich-durch-das-kritis-dachgesetz-aendern-soll\/","title":{"rendered":"KRITIS 2025: What the KRITIS umbrella law is set to change"},"content":{"rendered":"<div data-elementor-type=\"wp-post\" data-elementor-id=\"7622\" class=\"elementor elementor-7622\" data-elementor-post-type=\"post\">\n\t\t\t\t<div class=\"elementor-element elementor-element-3990089b e-flex e-con-boxed e-con e-parent\" data-id=\"3990089b\" data-element_type=\"container\" data-e-type=\"container\">\n\t\t\t\t\t<div class=\"e-con-inner\">\n\t\t\t\t<div class=\"elementor-element elementor-element-29c47f2d elementor-widget elementor-widget-text-editor\" data-id=\"29c47f2d\" data-element_type=\"widget\" data-e-type=\"widget\" data-widget_type=\"text-editor.default\">\n\t\t\t\t<div class=\"elementor-widget-container\">\n\t\t\t\t\t\t\t\t\t<h1 class=\"p1 ai-optimize-6\"><b>KRITIS 2025: What the KRITIS umbrella law is set to change<\/b><\/h1><h3 class=\"p1 ai-optimize-7\">KRITIS in transition<\/h3><p class=\"p1 ai-optimize-8 ai-optimize-introduction\">Critical infrastructures are the backbone of modern societies. Without functioning energy supply, communication networks, healthcare systems, or transport logistics, not only does daily life come to a standstill \u2013 government stability and economic performance are also at risk. Against this backdrop, protecting these vital systems has been gaining importance for years.<\/p><p class=\"p1 ai-optimize-9\">Mit dem neuen <span class=\"s1\">KRITIS-Dachgesetz<\/span> stellt die Bundesregierung nun die Weichen f\u00fcr eine umfassendere und strukturiertere Absicherung. Der Gesetzentwurf zielt darauf ab, die <span class=\"s1\">Resilienz kritischer Anlagen gegen physische Gefahren<\/span> wie Naturkatastrophen, Sabotage oder Systemausf\u00e4lle zu st\u00e4rken \u2013 zus\u00e4tzlich zu den bereits bestehenden Vorgaben zur IT-Sicherheit. Damit setzt Deutschland die europ\u00e4ische <span class=\"s1\">Richtlinie (EU) 2022\/2557<\/span> um, die einen <span class=\"s1\">All-Gefahren-Ansatz<\/span> fordert und erstmals verbindliche Anforderungen an die physische Sicherheit kritischer Einrichtungen formuliert.<\/p><p class=\"p1 ai-optimize-10\">Der vorliegende Blog gibt einen \u00dcberblick dar\u00fcber, was sich durch das KRITIS-Dachgesetz \u00e4ndern soll, wen es betrifft, und was Betreiber kritischer Anlagen jetzt wissen und vorbereiten sollten.<\/p><p><img fetchpriority=\"high\" decoding=\"async\" data-attachment-id=\"7634\" data-permalink=\"https:\/\/fuentis.com\/en\/kritis-2025-was-sich-durch-das-kritis-dachgesetz-aendern-soll\/kritis-gesetz-2025-symbolbild-fu%cc%88r-den-schutz-kritischer-infrastrukturen-in-deutschland\/\" data-orig-file=\"https:\/\/i0.wp.com\/fuentis.com\/wp-content\/uploads\/2025\/05\/KRITIS-Gesetz-2025-Symbolbild-fuer-den-Schutz-kritischer-Infrastrukturen-in-Deutschland.webp?fit=1024%2C1024&amp;ssl=1\" data-orig-size=\"1024,1024\" data-comments-opened=\"1\" data-image-meta=\"{&quot;aperture&quot;:&quot;0&quot;,&quot;credit&quot;:&quot;&quot;,&quot;camera&quot;:&quot;&quot;,&quot;caption&quot;:&quot;&quot;,&quot;created_timestamp&quot;:&quot;0&quot;,&quot;copyright&quot;:&quot;&quot;,&quot;focal_length&quot;:&quot;0&quot;,&quot;iso&quot;:&quot;0&quot;,&quot;shutter_speed&quot;:&quot;0&quot;,&quot;title&quot;:&quot;&quot;,&quot;orientation&quot;:&quot;0&quot;}\" data-image-title=\"KRITIS-Gesetz 2025 Symbolbild fu\u0308r den Schutz kritischer Infrastrukturen in Deutschland\" data-image-description=\"&lt;p&gt;KRITIS-Gesetz 2025 Symbolbild fu\u0308r den Schutz kritischer Infrastrukturen in Deutschland&lt;\/p&gt;\" data-image-caption=\"&lt;p&gt;KRITIS-Gesetz 2025 Symbolbild fu\u0308r den Schutz kritischer Infrastrukturen in Deutschland&lt;\/p&gt;\" data-large-file=\"https:\/\/i0.wp.com\/fuentis.com\/wp-content\/uploads\/2025\/05\/KRITIS-Gesetz-2025-Symbolbild-fuer-den-Schutz-kritischer-Infrastrukturen-in-Deutschland.webp?fit=1024%2C1024&amp;ssl=1\" data-recalc-dims=\"1\" class=\"wp-image-7634 aligncenter\" src=\"https:\/\/i0.wp.com\/fuentis.com\/wp-content\/uploads\/2025\/05\/KRITIS-Gesetz-2025-Symbolbild-fuer-den-Schutz-kritischer-Infrastrukturen-in-Deutschland.png?resize=444%2C444&#038;ssl=1\" alt=\"KRITIS-Gesetz 2025 Symbolbild fu\u0308r den Schutz kritischer Infrastrukturen in Deutschland\" width=\"444\" height=\"444\" \/><\/p><h2 class=\"ai-optimize-11\">Aktueller Stand bei KRITIS<\/h2><p class=\"p1 ai-optimize-12\">Der Schutz kritischer Infrastrukturen ist in Deutschland bislang stark durch den Fokus auf IT-Sicherheit gepr\u00e4gt. Mit dem IT-Sicherheitsgesetz, dem BSI-Gesetz (BSIG), branchenspezifischen Regelungen im Energiewirtschaftsgesetz (EnWG) und Telekommunikationsgesetz (TKG) sowie der Umsetzung der ersten NIS-Richtlinie wurden in den vergangenen Jahren bereits wichtige Standards zur Absicherung digitaler Systeme geschaffen. Diese betreffen insbesondere Cyberangriffe, Datenschutz und technische Sicherheitsvorgaben f\u00fcr digitale Prozesse.<\/p><p class=\"p1 ai-optimize-13\">Doch gerade physische Gefahren, etwa durch Extremwetter, Sabotageakte oder Ausf\u00e4lle von Versorgungswegen, blieben dabei vielfach unterreguliert. Zwar existieren in einzelnen Branchen eigene Vorschriften oder sektorale Sicherheitsma\u00dfnahmen, doch eine \u00fcbergreifende gesetzliche Regelung zur <span class=\"s1\">physischen Resilienz<\/span> fehlte bislang.<\/p><p class=\"p1 ai-optimize-14\">Hinzu kommt: Die aktuelle Bedrohungslage hat sich ver\u00e4ndert. Die Verwundbarkeit moderner Gesellschaften durch globale Krisen, geopolitische Spannungen oder koordinierte Angriffe auf Infrastruktur wird zunehmend sichtbar. Das macht deutlich: Der Schutz kritischer Anlagen muss umfassender gedacht werden \u2013 nicht nur digital, sondern auch strukturell, personell und organisatorisch.<\/p><p class=\"p1 ai-optimize-15\">Mit der im Januar 2023 in Kraft getretenen EU-Richtlinie 2022\/2557 wurde dieser Handlungsbedarf auch europ\u00e4isch erkannt. Sie fordert einen ganzheitlichen Sicherheitsansatz, den sogenannten <span class=\"s1\">All-Gefahren-Ansatz<\/span>\u00a0und verpflichtet die Mitgliedstaaten, diesen bis Oktober 2024 in nationales Recht zu \u00fcberf\u00fchren. Genau hier setzt das neue <span class=\"s1\">KRITIS-Dachgesetz<\/span> an.<\/p><h3 class=\"ai-optimize-16\">Warum das KRITIS Dachgesetz?<\/h3><p class=\"p1 ai-optimize-17\">Mit dem <a href=\"https:\/\/www.bmi.bund.de\/SharedDocs\/gesetzgebungsverfahren\/DE\/KRITIS-DachG.html\">KRITIS-Dachgesetz<\/a> reagiert die Bundesregierung auf die neue europ\u00e4ische Rechtslage und auf die gestiegene Notwendigkeit, kritische Infrastrukturen umfassender gegen Risiken zu sch\u00fctzen. W\u00e4hrend sich bisherige Gesetze wie das BSIG prim\u00e4r auf Cyberrisiken konzentrieren, verfolgt das neue Dachgesetz erstmals einen <span class=\"s1\">sektoren\u00fcbergreifenden Ansatz zum physischen Schutz<\/span> von Infrastrukturen. Es erg\u00e4nzt damit bestehende Vorgaben zur IT-Sicherheit und erweitert sie um Resilienzanforderungen gegen\u00fcber <span class=\"s1\">nicht-digitalen Gefahrenquellen<\/span>.<\/p><p class=\"p1 ai-optimize-18\">Konkret setzt das Gesetz die <span class=\"s1\">EU-Richtlinie 2022\/2557<\/span> um, die einheitliche Mindestverpflichtungen f\u00fcr Betreiber kritischer Einrichtungen in der gesamten Europ\u00e4ischen Union vorsieht. Diese Verpflichtungen umfassen Ma\u00dfnahmen zur Vorbeugung, Reaktion und Wiederherstellung bei St\u00f6rungen \u2013 also einen vollst\u00e4ndigen <span class=\"s1\">Resilienzzyklus<\/span>. Ziel ist es, die Widerstandsf\u00e4higkeit gegen\u00fcber <span class=\"s1\">Naturkatastrophen, Unf\u00e4llen, Sabotage, kriminellen oder terroristischen Handlungen<\/span> sowie systemischen Ausf\u00e4llen deutlich zu erh\u00f6hen.<\/p><p class=\"p1 ai-optimize-19\">Dabei versteht sich das KRITIS-Dachgesetz ausdr\u00fccklich als <span class=\"s1\">\u00fcbergeordnetes Regelwerk<\/span> (\u201eDach\u201c), das sektorunabh\u00e4ngig gilt. Es schafft die Grundlage f\u00fcr k\u00fcnftige, differenzierte Ma\u00dfnahmen in einzelnen Branchen, ohne dabei selbst branchenspezifisch zu regulieren. Stattdessen setzt es auf gemeinsame Mindeststandards und klare Prozesse, etwa durch Risikobewertungen, Resilienzpl\u00e4ne und Meldepflichten.<\/p><p class=\"p1 ai-optimize-20\">In Kombination mit der Umsetzung der NIS-2-Richtlinie (f\u00fcr die digitale Sicherheit) und anderen EU-Vorgaben wie der DORA-Verordnung (f\u00fcr den Finanzsektor) entsteht so ein ganzheitlicher Schutzansatz. Die <span class=\"s1\">Koh\u00e4renz zwischen IT-Sicherheit und physischem Schutz<\/span> steht dabei im Zentrum der Gesetzeslogik \u2013 ein Schritt, den viele Experten und Beh\u00f6rden seit Jahren fordern.<\/p><h3 class=\"ai-optimize-21\">Was regelt das KRITIS-Dachgesetz konkret?<\/h3><p class=\"p1 ai-optimize-22\">Das KRITIS-Dachgesetz schafft erstmals einen bundeseinheitlichen, sektor\u00fcbergreifenden Rechtsrahmen f\u00fcr den physischen Schutz kritischer Anlagen. Es richtet sich an Betreiber von Infrastrukturen, deren Ausfall erhebliche Auswirkungen auf das Gemeinwesen h\u00e4tte \u2013 etwa im Bereich Energie, Verkehr, Gesundheit oder Kommunikation. Dabei geht es nicht um IT-Sicherheit im engeren Sinne (die bleibt prim\u00e4r im BSIG geregelt), sondern um <span class=\"s1\">strukturelle und organisatorische Resilienzma\u00dfnahmen<\/span> gegen alle denkbaren Gefahrenlagen.<\/p><p class=\"p1 ai-optimize-23\">Zu den zentralen Regelungsinhalten geh\u00f6ren:<\/p><ul><li class=\"ai-optimize-24\"><p class=\"p1 ai-optimize-25\"><span class=\"s1\"><b>Risikobewertung und Resilienzplanung<\/b><\/span>: Betreiber m\u00fcssen regelm\u00e4\u00dfig (mindestens alle vier Jahre) Risikoanalysen und Risikobewertungen durchf\u00fchren (\u00a7\u202f12 KRITIS-DachG). Auf deren Basis ist ein <span class=\"s1\">Resilienzplan<\/span> zu erstellen (\u00a7\u202f13), der geeignete technische, bauliche, organisatorische und personelle Ma\u00dfnahmen zur St\u00e4rkung der Widerstandsf\u00e4higkeit umfasst.<\/p><\/li><li class=\"ai-optimize-26\"><p class=\"p1 ai-optimize-27\"><span class=\"s1\"><b>Meldesystem f\u00fcr Vorf\u00e4lle<\/b><\/span>: Erhebliche St\u00f6rungen m\u00fcssen innerhalb von 24 Stunden an eine <span class=\"s1\">zentrale Meldestelle<\/span> gemeldet werden. Diese wird gemeinsam vom Bundesamt f\u00fcr <a href=\"https:\/\/www.bbk.bund.de\/DE\/Home\/home_node.html\">Bev\u00f6lkerungsschutz und Katastrophenhilfe (BBK)<\/a> and the <a href=\"https:\/\/www.bsi.bund.de\/DE\/Home\/home_node.html\">Bundesamt f\u00fcr Sicherheit in der Informationstechnik (BSI)<\/a> betrieben. Ziel ist eine <span class=\"s1\">bessere Lageeinsch\u00e4tzung und Koordination im Krisenfall<\/span> (\u00a7\u202f18).<\/p><\/li><li class=\"ai-optimize-28\"><p class=\"p1 ai-optimize-29\"><span class=\"s1\"><b>Einheitliche Definition und Registrierung kritischer Anlagen<\/b><\/span>: K\u00fcnftig soll bundeseinheitlich festgelegt werden, welche Anlagen als \u201ekritisch\u201c gelten. Grundlage daf\u00fcr sind unter anderem Schwellenwerte zum Versorgungsgrad (z.\u202fB. mehr als 500.000 versorgte Personen). Diese Betreiber m\u00fcssen sich zentral registrieren (\u00a7\u202f8).<\/p><\/li><li class=\"ai-optimize-30\"><p class=\"p1 ai-optimize-31\"><span class=\"s1\"><b>Resilienzziele und Beispielma\u00dfnahmen<\/b><\/span>: Das Gesetz formuliert keine starren Ma\u00dfnahmenkataloge, sondern <span class=\"s1\">Ziele<\/span>, die erreicht werden m\u00fcssen \u2013 erg\u00e4nzt durch eine \u00dcbersicht m\u00f6glicher Ma\u00dfnahmen (z.\u202fB. bauliche Sicherung, Zugangskontrollen, Notstromversorgung, Krisenmanagement). Damit bleibt Raum f\u00fcr <span class=\"s1\">brancheindividuelle L\u00f6sungen<\/span>, die zugleich \u00fcberpr\u00fcfbar sind (\u00a7\u202f13 Abs. 3).<\/p><\/li><li class=\"ai-optimize-32\"><p class=\"p1 ai-optimize-33\"><span class=\"s1\"><b>Zust\u00e4ndigkeiten und Aufsicht<\/b><\/span>: Die Verantwortung f\u00fcr die Umsetzung und Kontrolle liegt bei verschiedenen Bundes- und Landesbeh\u00f6rden \u2013 je nach Sektor (\u00a7\u202f3). Koordiniert wird das Ganze vom BBK als zentraler Anlaufstelle.<\/p><\/li><\/ul><p class=\"p1 ai-optimize-34\">Zusammengefasst: Das KRITIS-Dachgesetz regelt das <span class=\"s1\">Wie<\/span> der Resilienz \u2013 also Verfahren, Mindeststandards und Zust\u00e4ndigkeiten \u2013 ohne sich im <span class=\"s1\">Was<\/span> zu verlieren. Konkrete Anforderungen werden \u00fcber erg\u00e4nzende Verordnungen, anerkannte Branchenstandards oder sektorspezifische Ma\u00dfnahmen der Ministerien ausgearbeitet (\u00a7\u202f14).<\/p><h3 class=\"ai-optimize-35\">Welche Unternehmen sind betroffen?<\/h3><p class=\"p1 ai-optimize-36\">Das KRITIS-Dachgesetz betrifft nicht alle Unternehmen gleicherma\u00dfen, sondern richtet sich gezielt an Betreiber sogenannter <span class=\"s1\"><b>kritischer Anlagen<\/b><\/span>. Doch <a href=\"https:\/\/fuentis.com\/en\/was-gehoert-zur-kritischen-infrastruktur-kritis\/\">welche Organisationen geh\u00f6ren zur kritischen Infrastruktur?<\/a><\/p><p class=\"p1 ai-optimize-37\">Eine kritische Anlage ist laut Gesetz jede Einrichtung, deren Ausfall oder Beeintr\u00e4chtigung erhebliche Folgen f\u00fcr die Versorgungssicherheit oder die \u00f6ffentliche Ordnung h\u00e4tte. Die Einstufung erfolgt anhand klarer Kriterien, die durch eine Rechtsverordnung konkretisiert werden sollen. Ein zentrales Merkmal ist dabei der <span class=\"s1\"><b>Versorgungsgrad<\/b><\/span> \u2013 also die Frage, wie viele Menschen durch eine Anlage direkt versorgt werden. Als grober Richtwert gilt dabei die Zahl von <span class=\"s1\"><b>500.000 versorgten Personen<\/b><\/span>.<\/p><p class=\"p1 ai-optimize-38\">Dar\u00fcber hinaus wird der Kontext ber\u00fccksichtigt:<\/p><ul><li class=\"ai-optimize-39\"><p class=\"p1 ai-optimize-40\">Wie stark sind andere Sektoren von dieser Anlage abh\u00e4ngig?<\/p><\/li><li class=\"ai-optimize-41\"><p class=\"p1 ai-optimize-42\">Gibt es Alternativen im Falle eines Ausfalls?<\/p><\/li><li class=\"ai-optimize-43\"><p class=\"p1 ai-optimize-44\">Welche geografische Reichweite hat eine m\u00f6gliche St\u00f6rung?<\/p><\/li><\/ul><p class=\"p1 ai-optimize-45\">Das Gesetz gilt zun\u00e4chst f\u00fcr Unternehmen in folgenden zehn Sektoren (\u00a7\u202f4 KRITIS-DachG):<\/p><ol start=\"1\"><li class=\"ai-optimize-46\"><p class=\"p1 ai-optimize-47\">Energie<\/p><\/li><li class=\"ai-optimize-48\"><p class=\"p1 ai-optimize-49\">Transport und Verkehr<\/p><\/li><li class=\"ai-optimize-50\"><p class=\"p1 ai-optimize-51\">Finanzwesen<\/p><\/li><li class=\"ai-optimize-52\"><p class=\"p1 ai-optimize-53\">Leistungen der Sozialversicherung und Grundsicherung<\/p><\/li><li class=\"ai-optimize-54\"><p class=\"p1 ai-optimize-55\">Gesundheitswesen<\/p><\/li><li class=\"ai-optimize-56\"><p class=\"p1 ai-optimize-57\">Wasser<\/p><\/li><li class=\"ai-optimize-58\"><p class=\"p1 ai-optimize-59\">Ern\u00e4hrung<\/p><\/li><li class=\"ai-optimize-60\"><p class=\"p1 ai-optimize-61\">Informationstechnik und Telekommunikation<\/p><\/li><li class=\"ai-optimize-62\"><p class=\"p1 ai-optimize-63\">Weltraum<\/p><\/li><li class=\"ai-optimize-64\"><p class=\"p1 ai-optimize-65\">Municipal waste disposal<\/p><\/li><\/ol><p class=\"p1 ai-optimize-66\">Die Zuordnung zu einem dieser Sektoren erfolgt \u00fcber die Art der Dienstleistung, nicht \u00fcber die Unternehmensform. Unternehmen, die \u00fcber mehrere Standorte verf\u00fcgen oder grenz\u00fcberschreitend t\u00e4tig sind, m\u00fcssen alle relevanten Anlagen individuell betrachten.<\/p><p class=\"p1 ai-optimize-67\">Besonderes Augenmerk liegt zudem auf sogenannten <span class=\"s1\">kritischen Einrichtungen von besonderer Bedeutung f\u00fcr Europa<\/span>. Das betrifft Unternehmen, die in oder f\u00fcr mindestens sechs EU-Mitgliedstaaten wesentliche Dienstleistungen erbringen. Sie unterliegen zus\u00e4tzlichen Anforderungen und internationaler Koordination (\u00a7\u202f9\u201310).<\/p><p class=\"p4 ai-optimize-68\">Fristen beachten:<\/p><p class=\"p1 ai-optimize-69\">Unternehmen, die unter das Gesetz fallen, m\u00fcssen sich sp\u00e4testens <span class=\"s1\">bis Juli 2026<\/span> registrieren und anschlie\u00dfend innerhalb von neun bis zehn Monaten ihre Pflichten zur Resilienzplanung und Umsetzung erf\u00fcllen (\u00a7\u202f8 Abs. 7).<\/p><p class=\"p1 ai-optimize-70\">F\u00fcr viele Unternehmen bedeutet das: <span class=\"s1\">Jetzt ist der richtige Zeitpunkt<\/span>, um zu pr\u00fcfen, ob das eigene Gesch\u00e4ftsmodell betroffen ist \u2013 und welche organisatorischen Weichen gestellt werden m\u00fcssen.<\/p><h3 class=\"ai-optimize-71\">Neue Pflichten f\u00fcr Betreiber kritischer Anlagen<\/h3><p class=\"p1 ai-optimize-72\">Mit dem KRITIS-Dachgesetz werden erstmals verbindliche Pflichten f\u00fcr Betreiber kritischer Anlagen im Bereich des physischen Schutzes eingef\u00fchrt. Ziel ist es, nicht nur auf Vorf\u00e4lle zu reagieren, sondern Resilienz systematisch zu planen, zu dokumentieren und kontinuierlich zu verbessern. Die zentralen Pflichten im \u00dcberblick:<\/p><h4 class=\"ai-optimize-73\">Risikoanalyse und Risikobewertung (\u00a7\u202f12)<\/h4><p class=\"p1 ai-optimize-74\">Betreiber m\u00fcssen alle vier Jahre \u2013 oder bei Bedarf auch h\u00e4ufiger \u2013 eine systematische Analyse der relevanten Risiken durchf\u00fchren. Dabei sind nicht nur technische oder naturbedingte Gefahren zu betrachten, sondern auch sektor\u00fcbergreifende Abh\u00e4ngigkeiten, geopolitische Entwicklungen und personelle Risiken. Grundlage hierf\u00fcr sind die nationalen Risikoanalysen sowie eigene Beobachtungen und Erfahrungswerte.<\/p><h4 class=\"ai-optimize-75\">Erstellung eines Resilienzplans (\u00a7\u202f13)<\/h4><p class=\"p1 ai-optimize-76\">Auf Basis der Risikoanalyse ist ein <span class=\"s2\"><b>Resilienzplan<\/b><\/span> zu erstellen. Dieser muss dokumentieren, welche Ma\u00dfnahmen zur Verhinderung, Begrenzung und Bew\u00e4ltigung von Vorf\u00e4llen getroffen wurden. Dazu z\u00e4hlen u.\u202fa. bauliche Schutzma\u00dfnahmen, Zugangskontrollen, Notstromversorgung, Krisenreaktionsverfahren und alternative Lieferketten. Der Plan muss regelm\u00e4\u00dfig aktualisiert werden und nachvollziehbar machen, wie die Ma\u00dfnahmen zustande gekommen sind.<\/p><h4 class=\"ai-optimize-77\">Schulungen und Personalma\u00dfnahmen<\/h4><p class=\"p1 ai-optimize-78\">Ein weiterer Schwerpunkt liegt auf dem Faktor Mensch. Das Gesetz verpflichtet Betreiber dazu, <span class=\"s2\"><b>Personal \u2013 auch externe Dienstleister \u2013 gezielt zu schulen und vorzubereiten<\/b><\/span>. Dazu geh\u00f6ren Informationsmaterialien, \u00dcbungen und Schulungskonzepte, die auf reale Bedrohungsszenarien abgestimmt sind.<\/p><h4 class=\"ai-optimize-79\">Benennung einer Kontaktstelle und Meldepflichten (\u00a7\u00a7\u202f8, 18)<\/h4><p class=\"p1 ai-optimize-80\">Betreiber m\u00fcssen eine zentrale Kontaktstelle benennen und <span class=\"s2\"><b>erhebliche Vorf\u00e4lle innerhalb von 24 Stunden melden<\/b><\/span>. Die Meldung erfolgt an eine digitale Plattform, die vom BBK und dem BSI gemeinsam betrieben wird. Erg\u00e4nzt wird dies durch eine detaillierte Nachberichterstattung innerhalb eines Monats. Ziel ist ein zentralisiertes Fr\u00fchwarnsystem f\u00fcr den Staat \u2013 und der verbesserte Austausch mit anderen Betreibern.<\/p><h4 class=\"ai-optimize-81\">Nachweispflichten und m\u00f6gliche Kontrollen (\u00a7\u202f16)<\/h4><p class=\"p1 ai-optimize-82\">Zur \u00dcberpr\u00fcfung der Einhaltung k\u00f6nnen Beh\u00f6rden Nachweise, Dokumentationen und Audits verlangen. M\u00e4ngel m\u00fcssen in einem verbindlichen Ma\u00dfnahmenplan behoben werden. Die Beh\u00f6rden setzen dabei auf einen risikobasierten Kontrollansatz \u2013 je nach Kritikalit\u00e4t und Gef\u00e4hrdungslage.<\/p><p class=\"p1 ai-optimize-83\">Diese Pflichten m\u00f6gen auf den ersten Blick umfangreich erscheinen, bieten aber auch Chancen: Unternehmen, die proaktiv agieren und ihre Resilienz dokumentiert nachweisen k\u00f6nnen, sind im Krisenfall handlungsf\u00e4hig \u2013 und st\u00e4rken langfristig ihr Vertrauen bei Kunden, Partnern und Aufsichtsbeh\u00f6rden.<\/p><h3 class=\"ai-optimize-84\">Wie verh\u00e4lt sich das Gesetz zu bestehenden IT-Sicherheitsvorgaben?<\/h3><p class=\"p3 ai-optimize-85\">Das KRITIS-Dachgesetz ist kein Ersatz, sondern eine <span class=\"s2\">Erg\u00e4nzung zu bestehenden IT-Sicherheitsgesetzen<\/span> \u2013 insbesondere dem BSI-Gesetz (BSIG) und der Umsetzung der NIS-2-Richtlinie (NIS2UmsuCG). W\u00e4hrend diese Regelwerke auf die Abwehr von Cyberbedrohungen und die Absicherung digitaler Systeme fokussiert sind, setzt das KRITIS-Dachgesetz einen <span class=\"s2\">eigenst\u00e4ndigen Schwerpunkt auf physische Resilienz<\/span>. Es verfolgt den sogenannten <span class=\"s2\">All-Gefahren-Ansatz<\/span>, der sowohl technische als auch strukturelle, personelle und organisatorische Risiken ber\u00fccksichtigt.<\/p><p class=\"p3 ai-optimize-86\">Die Abgrenzung zwischen digitaler und physischer Sicherheit ist in der Praxis allerdings nicht immer eindeutig. Daher sieht das KRITIS-Dachgesetz explizit vor, dass <span class=\"s2\">Schnittstellen zwischen IT-Sicherheit und physischem Schutz ber\u00fccksichtigt und soweit m\u00f6glich harmonisiert<\/span> werden (\u00a7\u202f3, \u00a7\u202f16 Abs.\u202f1). Beispielsweise soll es nur eine zentrale <span class=\"s2\">gemeinsame Meldeplattform<\/span> geben \u2013 sowohl f\u00fcr Vorf\u00e4lle nach dem BSI-Gesetz als auch nach dem KRITIS-Dachgesetz (\u00a7\u202f18).<\/p><p class=\"p3 ai-optimize-87\">Ein weiterer wichtiger Aspekt: Betreiber, die bereits IT-Sicherheitsma\u00dfnahmen gem\u00e4\u00df BSIG oder branchenspezifischen Vorschriften (z.\u202fB. im Energiebereich) umgesetzt haben, k\u00f6nnen diese <span class=\"s2\">teilweise anrechnen lassen<\/span>, sofern sie inhaltlich gleichwertig sind (\u00a7\u202f17). Ziel ist es, <span class=\"s2\">Doppelregulierungen zu vermeiden<\/span> und bestehende Strukturen sinnvoll einzubinden.<\/p><p class=\"p3 ai-optimize-88\">Zus\u00e4tzlich stehen die neuen Anforderungen in Wechselwirkung mit weiteren europ\u00e4ischen Regelungen wie:<\/p><ul><li class=\"ai-optimize-89\"><p class=\"p1 ai-optimize-90\"><span class=\"s1\"><b>DORA-Verordnung<\/b><\/span> (f\u00fcr den Finanzsektor),<\/p><\/li><li class=\"ai-optimize-91\"><p class=\"p1 ai-optimize-92\"><span class=\"s1\"><b>EU-Verordnung 2022\/2554<\/b><\/span> (Digitale operationale Resilienz),<\/p><\/li><li class=\"ai-optimize-93\"><p class=\"p1 ai-optimize-94\">sowie branchenspezifischen EU-Vorgaben zur Risikoanalyse (z.\u202fB. im Energiesektor).<\/p><\/li><\/ul><p class=\"p3 ai-optimize-95\">Der Vorteil: Unternehmen, die sich bereits mit der NIS2-Umsetzung besch\u00e4ftigen, k\u00f6nnen auf vorhandene Prozesse und Ressourcen zur\u00fcckgreifen \u2013 m\u00fcssen aber gleichzeitig pr\u00fcfen, <span class=\"s2\">ob der physische Schutz in vergleichbarer Tiefe adressiert ist<\/span>.<\/p><p class=\"p3 ai-optimize-96\">Das Zusammenspiel der Gesetze macht deutlich: Die Trennung zwischen \u201edigital\u201c und \u201eanalog\u201c in der Resilienzplanung ist nicht mehr zeitgem\u00e4\u00df. Gefordert ist ein <span class=\"s2\">ganzheitlicher Blick auf Sicherheit und Kontinuit\u00e4t<\/span>, der alle denkbaren Gefahren ber\u00fccksichtigt \u2013 und genau das soll das Zusammenspiel von KRITIS-Dachgesetz, BSIG und weiteren Regelungen leisten.<\/p><h3 class=\"ai-optimize-97\">Branchenstandards &amp; Umsetzungshilfen<\/h3><p class=\"p3 ai-optimize-98\">Ein zentrales Merkmal des KRITIS-Dachgesetzes ist seine <span class=\"s2\"><b>Offenheit f\u00fcr branchenspezifische L\u00f6sungen<\/b><\/span>. Statt f\u00fcr alle Sektoren starre Anforderungen vorzugeben, setzt das Gesetz auf <span class=\"s2\"><b>Mindeststandards mit Spielraum f\u00fcr individuelle Anpassung<\/b><\/span>. Dies soll insbesondere kleinen und mittleren Unternehmen erm\u00f6glichen, verh\u00e4ltnism\u00e4\u00dfige Ma\u00dfnahmen umzusetzen \u2013 und gleichzeitig die Besonderheiten einzelner Branchen angemessen ber\u00fccksichtigen.<\/p><h4 class=\"ai-optimize-99\">Branchenspezifische Resilienzstandards (\u00a7\u202f14 Abs. 2)<\/h4><p class=\"p3 ai-optimize-100\">Betreiber kritischer Anlagen \u2013 oder ihre Branchenverb\u00e4nde \u2013 k\u00f6nnen <span class=\"s2\">eigene Resilienzstandards entwickeln<\/span>, die auf die jeweilige Struktur, Gef\u00e4hrdungslage und wirtschaftliche Realit\u00e4t zugeschnitten sind. Diese Standards m\u00fcssen dann vom <span class=\"s2\">Bundesamt f\u00fcr Bev\u00f6lkerungsschutz und Katastrophenhilfe (BBK)<\/span> gepr\u00fcft und als geeignet anerkannt werden.<\/p><p class=\"p3 ai-optimize-101\">Wenn ein solcher branchenspezifischer Standard anerkannt ist, <span class=\"s2\">ersetzt er die ansonsten geltenden sektorspezifischen Mindestanforderungen<\/span>. Das schafft Klarheit und Planungssicherheit f\u00fcr Unternehmen \u2013 und f\u00f6rdert gleichzeitig die Eigenverantwortung und Innovationskraft der Wirtschaft.<\/p><h4 class=\"ai-optimize-102\">Unterst\u00fctzung durch Beh\u00f6rden<\/h4><p class=\"p3 ai-optimize-103\">Um die Umsetzung zu erleichtern, verpflichtet sich das BBK dazu, <span class=\"s2\">Muster und Vorlagen<\/span> bereitzustellen \u2013 etwa f\u00fcr:<\/p><ul><li class=\"ai-optimize-104\"><p class=\"p1 ai-optimize-105\">Risikoanalysen und Risikobewertungen,<\/p><\/li><li class=\"ai-optimize-106\"><p class=\"p1 ai-optimize-107\">Resilienzpl\u00e4ne,<\/p><\/li><li class=\"ai-optimize-108\"><p class=\"p1 ai-optimize-109\">Schulungsma\u00dfnahmen und<\/p><\/li><li class=\"ai-optimize-110\"><p class=\"p1 ai-optimize-111\">Meldeverfahren.<\/p><\/li><\/ul><p class=\"p3 ai-optimize-112\">Diese Hilfsmittel sollen auf der Website des BBK \u00f6ffentlich zur Verf\u00fcgung gestellt werden und dienen insbesondere Unternehmen, die nicht \u00fcber umfangreiche Sicherheitsstrukturen verf\u00fcgen, als <span class=\"s2\">niedrigschwelliger Einstieg in die Resilienzplanung<\/span>.<\/p><h4 class=\"ai-optimize-113\">Einheitliches Verfahren, abgestufte Anforderungen<\/h4><p class=\"p3 ai-optimize-114\">Nicht jedes Unternehmen muss dasselbe leisten. Das Gesetz sieht eine <span class=\"s2\">gestufte Regulierung<\/span> vor: Je nach Kritikalit\u00e4t und Versorgungsgrad gelten differenzierte Anforderungen. Dadurch wird ein ausgewogenes Verh\u00e4ltnis zwischen Sicherheit und wirtschaftlicher Belastbarkeit hergestellt \u2013 ein wichtiger Punkt, der auch in der Gesetzesbegr\u00fcndung betont wird.<\/p><h4 class=\"ai-optimize-115\">Harmonisierung mit bestehenden Standards<\/h4><p class=\"p3 ai-optimize-116\">Wurde in der Vergangenheit bereits ein Sicherheitskonzept nach anderen gesetzlichen Vorgaben (z.\u202fB. im Rahmen der IT-Sicherheit oder nach branchenspezifischen Vorschriften) erstellt, k\u00f6nnen diese <span class=\"s2\">ganz oder teilweise angerechnet<\/span> werden \u2013 sofern sie den Anforderungen des KRITIS-Dachgesetzes entsprechen (\u00a7\u202f17). So soll verhindert werden, dass Unternehmen doppelte Arbeit leisten m\u00fcssen.<\/p><h4 class=\"p3 ai-optimize-116\">Digitale Tools f\u00fcr mehr Resilienz<\/h4><p class=\"p3 ai-optimize-116\">Um Risikoanalysen, Resilienzpl\u00e4ne, Schulungen und Meldungen effizient umzusetzen, sollten Unternehmen auf geeignete Softwarel\u00f6sungen setzen. Tools, die GRC-, <a href=\"https:\/\/fuentis.com\/en\/isms-tool\/\">ISMS<\/a>&#8211; oder <a href=\"https:\/\/fuentis.com\/en\/bcms-tool\/\">BCM<\/a>-Funktionen integrieren, bieten hier wertvolle Unterst\u00fctzung \u2013 etwa durch strukturierte Workflows, automatische Dokumentation, Reminderfunktionen oder zentrale Nachweisf\u00fchrung. Besonders hilfreich sind L\u00f6sungen, die eine Anbindung an Meldeportale erm\u00f6glichen oder bereits <a href=\"https:\/\/fuentis.com\/en\/was-ist-nis2\/\">NIS2<\/a>&#8211; und KRITIS-Anforderungen ber\u00fccksichtigen.<\/p><h3 class=\"ai-optimize-117\">Chancen &amp; Herausforderungen f\u00fcr Unternehmen<\/h3><p class=\"p3 ai-optimize-118\">Mit dem KRITIS-Dachgesetz kommt auf viele Unternehmen ein sp\u00fcrbarer Mehraufwand zu. Neue Prozesse m\u00fcssen aufgebaut, Verantwortlichkeiten gekl\u00e4rt und Strukturen angepasst werden. Gleichzeitig bietet das Gesetz aber auch erhebliche Chancen \u2013 f\u00fcr mehr Sicherheit, Resilienz und Vertrauen.<\/p><h4 class=\"ai-optimize-119\">The challenges<\/h4><ul><li class=\"ai-optimize-120\"><p class=\"p1 ai-optimize-121\"><span class=\"s1\"><b>Organisatorischer Aufwand<\/b><\/span>: Die Erstellung von Risikoanalysen, Resilienzpl\u00e4nen und Meldeprozessen erfordert Fachwissen, Zeit und klare interne Zust\u00e4ndigkeiten. Insbesondere kleinere Organisationen ohne eigene Sicherheitsabteilungen stehen hier vor einer sp\u00fcrbaren Umstellung.<\/p><\/li><li class=\"ai-optimize-122\"><p class=\"p1 ai-optimize-123\"><span class=\"s1\"><b>Unklarheit \u00fcber Zust\u00e4ndigkeiten<\/b><\/span>: In vielen Unternehmen ist bislang nicht geregelt, wer f\u00fcr die physische Sicherheit zust\u00e4ndig ist. Das KRITIS-Dachgesetz zwingt dazu, diese Frage zu kl\u00e4ren \u2013 etwa in der Gesch\u00e4ftsleitung, im Facility Management oder im betrieblichen Kontinuit\u00e4tsmanagement.<\/p><\/li><li class=\"ai-optimize-124\"><p class=\"p1 ai-optimize-125\"><span class=\"s1\"><b>Anf\u00e4ngliche Rechtsunsicherheit<\/b><\/span>: Da viele Konkretisierungen erst durch Verordnungen erfolgen, bleibt zun\u00e4chst offen, welche Anforderungen im Detail gelten werden. Unternehmen m\u00fcssen daher fr\u00fchzeitig mit Vorbereitungen beginnen \u2013 und flexibel auf weitere Vorgaben reagieren k\u00f6nnen.<\/p><\/li><li class=\"ai-optimize-126\"><p class=\"p1 ai-optimize-127\"><span class=\"s1\"><b>Kosten<\/b><\/span>: Die Bundesregierung rechnet mit einem einmaligen Gesamtaufwand von bis zu 1,7 Milliarden Euro und einem j\u00e4hrlichen Aufwand von rund 500 Millionen Euro f\u00fcr die deutsche Wirtschaft. Auch wenn das je nach Branche stark variiert, ist klar: Resilienz kostet \u2013 nicht nur in der Umsetzung, sondern auch im laufenden Betrieb.<\/p><\/li><\/ul><h4 class=\"ai-optimize-128\">Chancen<\/h4><ul><li class=\"ai-optimize-129\"><p class=\"p1 ai-optimize-130\"><span class=\"s1\"><b>H\u00f6here Ausfallsicherheit<\/b><\/span>: Wer gut vorbereitet ist, kann Vorf\u00e4lle schneller abfangen und Sch\u00e4den begrenzen. Das sichert nicht nur den eigenen Betrieb, sondern stabilisiert auch ganze Versorgungsnetze.<\/p><\/li><li class=\"ai-optimize-131\"><p class=\"p1 ai-optimize-132\"><span class=\"s1\"><b>Reputationsgewinn<\/b><\/span>: Kunden, Partner und Beh\u00f6rden sch\u00e4tzen Unternehmen, die Verantwortung f\u00fcr ihre Rolle im Gemeinwesen \u00fcbernehmen. Ein gut dokumentiertes Resilienzmanagement wird zunehmend zum <span class=\"s1\">Vertrauenssignal \u2013 auch in der Kommunikation nach au\u00dfen.<\/span><\/p><\/li><li class=\"ai-optimize-133\"><p class=\"p1 ai-optimize-134\"><span class=\"s1\"><b>Vorsprung im Wettbewerb<\/b><\/span>: Unternehmen, die fr\u00fchzeitig mit der Umsetzung beginnen, k\u00f6nnen sich als Vorreiter positionieren \u2013 und sich im Fall von Ausschreibungen, Zertifizierungen oder Pr\u00fcfungen besser behaupten.<\/p><\/li><li class=\"ai-optimize-135\"><p class=\"p1 ai-optimize-136\"><span class=\"s1\"><b>St\u00e4rkung interner Prozesse<\/b><\/span>: Das Gesetz f\u00f6rdert systematisches Denken in Szenarien, die Bildung interdisziplin\u00e4rer Teams und eine bessere Dokumentation. Das verbessert die <span class=\"s1\">Krisenreaktionsf\u00e4higkeit<\/span> \u2013 nicht nur bei Gro\u00dfschadenslagen, sondern auch im Tagesgesch\u00e4ft.<\/p><\/li><\/ul><h3 class=\"ai-optimize-137\">Fazit: Was Unternehmen jetzt tun sollten<\/h3><p class=\"p3 ai-optimize-138\">Auch wenn viele Details des KRITIS-Dachgesetzes noch in kommenden Verordnungen konkretisiert werden, ist die Sto\u00dfrichtung klar: <span class=\"s2\">Kritische Infrastrukturen sollen umfassend widerstandsf\u00e4higer werden \u2013 \u00fcber alle Sektoren hinweg.<\/span> Unternehmen, die voraussichtlich unter das Gesetz fallen, sollten jetzt aktiv werden, um nicht unter Zeitdruck zu geraten.<\/p><p class=\"p3 ai-optimize-139\">Hier sind die wichtigsten Schritte, die Unternehmen jetzt einleiten sollten:<\/p><h4 class=\"ai-optimize-140\">1. Betroffenheit pr\u00fcfen<\/h4><ul><li class=\"ai-optimize-141\"><p class=\"p1 ai-optimize-142\">Geh\u00f6rt mein Unternehmen zu einem der zehn betroffenen Sektoren?<\/p><\/li><li class=\"ai-optimize-143\"><p class=\"p1 ai-optimize-144\">Versorge ich mehr als 500.000 Menschen oder habe ich eine systemrelevante Funktion?<\/p><\/li><li class=\"ai-optimize-145\"><p class=\"p1 ai-optimize-146\">Gibt es kritische Dienstleistungen, die ich in oder f\u00fcr mehrere EU-Staaten erbringe?<\/p><\/li><\/ul><p class=\"p3 ai-optimize-147\">Ein Abgleich mit den Kriterien des Gesetzes und der k\u00fcnftigen Rechtsverordnung zur Definition kritischer Anlagen ist der erste Schritt.<\/p><h4 class=\"ai-optimize-148\">2. Zust\u00e4ndigkeiten kl\u00e4ren<\/h4><ul><li class=\"ai-optimize-149\"><p class=\"p1 ai-optimize-150\">Wer im Unternehmen ist verantwortlich f\u00fcr physische Resilienz, Risikoanalysen und Meldewesen?<\/p><\/li><li class=\"ai-optimize-151\"><p class=\"p1 ai-optimize-152\">Sind IT-Sicherheit und physischer Schutz bereits verkn\u00fcpft \u2013 oder arbeiten sie isoliert?<\/p><\/li><li class=\"ai-optimize-153\"><p class=\"p1 ai-optimize-154\">Sollte ein interdisziplin\u00e4res Team gebildet werden (z.\u202fB. IT, Compliance, Geb\u00e4udemanagement, HR)?<\/p><\/li><\/ul><p class=\"p3 ai-optimize-155\">Die Einf\u00fchrung des Gesetzes ist eine gute Gelegenheit, Verantwortlichkeiten transparent und effizient zu ordnen.<\/p><h4 class=\"ai-optimize-156\">3. Erste Vorbereitungen treffen<\/h4><ul><li class=\"ai-optimize-157\"><p class=\"p1 ai-optimize-158\">Fr\u00fchzeitige Risikoanalyse auf Basis vorhandener Informationen vorbereiten<\/p><\/li><li class=\"ai-optimize-159\"><p class=\"p1 ai-optimize-160\">Resilienzma\u00dfnahmen identifizieren, die bereits heute bestehen<\/p><\/li><li class=\"ai-optimize-161\"><p class=\"p1 ai-optimize-162\">Prozesse f\u00fcr Meldungen und interne Kommunikation bei Vorf\u00e4llen entwickeln<\/p><\/li><li class=\"ai-optimize-163\"><p class=\"p1 ai-optimize-164\">Anlaufstellen wie das BBK oder Branchenverb\u00e4nde beobachten<\/p><\/li><\/ul><p class=\"p3 ai-optimize-165\">Der Gesetzgeber l\u00e4sst bewusst Raum f\u00fcr Gestaltung \u2013 wer diesen nutzt, kann sich strukturiert vorbereiten, ohne unter Druck zu geraten.<\/p><h4 class=\"p1 ai-optimize-166\">Schlussgedanke:<\/h4><p class=\"p2 ai-optimize-167\">Resilienz ist kein einmaliges Projekt, sondern ein kontinuierlicher Prozess. Das KRITIS-Dachgesetz ist der Rahmen \u2013 wie stabil das eigene Unternehmen in Krisen dasteht, entscheidet sich an der Umsetzung. Wer fr\u00fch beginnt, wird sp\u00e4ter nicht nur besser gesch\u00fctzt sein, sondern auch regulatorisch, wirtschaftlich und kommunikativ davon profitieren.<\/p>\t\t\t\t\t\t\t\t<\/div>\n\t\t\t\t<\/div>\n\t\t\t\t<div class=\"elementor-element elementor-element-31b6198 elementor-widget elementor-widget-spacer\" data-id=\"31b6198\" data-element_type=\"widget\" data-e-type=\"widget\" data-widget_type=\"spacer.default\">\n\t\t\t\t<div class=\"elementor-widget-container\">\n\t\t\t\t\t\t\t<div class=\"elementor-spacer\">\n\t\t\t<div class=\"elementor-spacer-inner\"><\/div>\n\t\t<\/div>\n\t\t\t\t\t\t<\/div>\n\t\t\t\t<\/div>\n\t\t\t\t\t<\/div>\n\t\t\t\t<\/div>\n\t\t<div class=\"elementor-element elementor-element-699c300 e-flex e-con-boxed e-con e-parent\" data-id=\"699c300\" data-element_type=\"container\" data-e-type=\"container\">\n\t\t\t\t\t<div class=\"e-con-inner\">\n\t\t\t\t<div class=\"elementor-element elementor-element-555662c elementor-widget elementor-widget-heading\" data-id=\"555662c\" data-element_type=\"widget\" data-e-type=\"widget\" data-widget_type=\"heading.default\">\n\t\t\t\t<div class=\"elementor-widget-container\">\n\t\t\t\t\t<h2 class=\"elementor-heading-title elementor-size-default\">Q&amp;A<\/h2>\t\t\t\t<\/div>\n\t\t\t\t<\/div>\n\t\t\t\t<div class=\"elementor-element elementor-element-da63efd elementor-widget elementor-widget-n-accordion\" data-id=\"da63efd\" data-element_type=\"widget\" data-e-type=\"widget\" data-settings=\"{&quot;default_state&quot;:&quot;expanded&quot;,&quot;max_items_expended&quot;:&quot;one&quot;,&quot;n_accordion_animation_duration&quot;:{&quot;unit&quot;:&quot;ms&quot;,&quot;size&quot;:400,&quot;sizes&quot;:[]}}\" data-widget_type=\"nested-accordion.default\">\n\t\t\t\t<div class=\"elementor-widget-container\">\n\t\t\t\t\t\t\t<div class=\"e-n-accordion\" aria-label=\"What does CMDB stand for?\">\n\t\t\t\t\t\t<details id=\"e-n-accordion-item-2280\" class=\"e-n-accordion-item\" open>\n\t\t\t\t<summary class=\"e-n-accordion-item-title\" data-accordion-index=\"1\" tabindex=\"0\" aria-expanded=\"true\" aria-controls=\"e-n-accordion-item-2280\" >\n\t\t\t\t\t<span class='e-n-accordion-item-title-header'><div class=\"e-n-accordion-item-title-text\"> Was ist das KRITIS-Dachgesetz? <\/div><\/span>\n\t\t\t\t\t\t\t<span class='e-n-accordion-item-title-icon'>\n\t\t\t<span class='e-opened' ><svg aria-hidden=\"true\" class=\"e-font-icon-svg e-fas-minus\" viewbox=\"0 0 448 512\" xmlns=\"http:\/\/www.w3.org\/2000\/svg\"><path d=\"M416 208H32c-17.67 0-32 14.33-32 32v32c0 17.67 14.33 32 32 32h384c17.67 0 32-14.33 32-32v-32c0-17.67-14.33-32-32-32z\"><\/path><\/svg><\/span>\n\t\t\t<span class='e-closed'><svg aria-hidden=\"true\" class=\"e-font-icon-svg e-fas-plus\" viewbox=\"0 0 448 512\" xmlns=\"http:\/\/www.w3.org\/2000\/svg\"><path d=\"M416 208H272V64c0-17.67-14.33-32-32-32h-32c-17.67 0-32 14.33-32 32v144H32c-17.67 0-32 14.33-32 32v32c0 17.67 14.33 32 32 32h144v144c0 17.67 14.33 32 32 32h32c17.67 0 32-14.33 32-32V304h144c17.67 0 32-14.33 32-32v-32c0-17.67-14.33-32-32-32z\"><\/path><\/svg><\/span>\n\t\t<\/span>\n\n\t\t\t\t\t\t<\/summary>\n\t\t\t\t<div role=\"region\" aria-labelledby=\"e-n-accordion-item-2280\" class=\"elementor-element elementor-element-bbed661 e-con-full e-flex e-con e-child\" data-id=\"bbed661\" data-element_type=\"container\" data-e-type=\"container\">\n\t\t\t\t<div class=\"elementor-element elementor-element-1868145 elementor-widget elementor-widget-text-editor\" data-id=\"1868145\" data-element_type=\"widget\" data-e-type=\"widget\" data-widget_type=\"text-editor.default\">\n\t\t\t\t<div class=\"elementor-widget-container\">\n\t\t\t\t\t\t\t\t\t<p class=\"p1\">Das KRITIS-Dachgesetz ist ein neues bundesweites Gesetz zur St\u00e4rkung der physischen Resilienz kritischer Infrastrukturen (KRITIS). Es verpflichtet Betreiber zu Risikoanalysen, Resilienzpl\u00e4nen und Meldepflichten bei St\u00f6rungen.<\/p>\t\t\t\t\t\t\t\t<\/div>\n\t\t\t\t<\/div>\n\t\t\t\t<\/div>\n\t\t\t\t\t<\/details>\n\t\t\t\t\t\t<details id=\"e-n-accordion-item-2281\" class=\"e-n-accordion-item\" >\n\t\t\t\t<summary class=\"e-n-accordion-item-title\" data-accordion-index=\"2\" tabindex=\"-1\" aria-expanded=\"false\" aria-controls=\"e-n-accordion-item-2281\" >\n\t\t\t\t\t<span class='e-n-accordion-item-title-header'><div class=\"e-n-accordion-item-title-text\"> Wer ist vom KRITIS-Gesetz betroffen? <\/div><\/span>\n\t\t\t\t\t\t\t<span class='e-n-accordion-item-title-icon'>\n\t\t\t<span class='e-opened' ><svg aria-hidden=\"true\" class=\"e-font-icon-svg e-fas-minus\" viewbox=\"0 0 448 512\" xmlns=\"http:\/\/www.w3.org\/2000\/svg\"><path d=\"M416 208H32c-17.67 0-32 14.33-32 32v32c0 17.67 14.33 32 32 32h384c17.67 0 32-14.33 32-32v-32c0-17.67-14.33-32-32-32z\"><\/path><\/svg><\/span>\n\t\t\t<span class='e-closed'><svg aria-hidden=\"true\" class=\"e-font-icon-svg e-fas-plus\" viewbox=\"0 0 448 512\" xmlns=\"http:\/\/www.w3.org\/2000\/svg\"><path d=\"M416 208H272V64c0-17.67-14.33-32-32-32h-32c-17.67 0-32 14.33-32 32v144H32c-17.67 0-32 14.33-32 32v32c0 17.67 14.33 32 32 32h144v144c0 17.67 14.33 32 32 32h32c17.67 0 32-14.33 32-32V304h144c17.67 0 32-14.33 32-32v-32c0-17.67-14.33-32-32-32z\"><\/path><\/svg><\/span>\n\t\t<\/span>\n\n\t\t\t\t\t\t<\/summary>\n\t\t\t\t<div role=\"region\" aria-labelledby=\"e-n-accordion-item-2281\" class=\"elementor-element elementor-element-76a4b42 e-con-full e-flex e-con e-child\" data-id=\"76a4b42\" data-element_type=\"container\" data-e-type=\"container\">\n\t\t\t\t<div class=\"elementor-element elementor-element-010b107 elementor-widget elementor-widget-text-editor\" data-id=\"010b107\" data-element_type=\"widget\" data-e-type=\"widget\" data-widget_type=\"text-editor.default\">\n\t\t\t\t<div class=\"elementor-widget-container\">\n\t\t\t\t\t\t\t\t\t<p class=\"p1\">Betroffen sind Betreiber kritischer Anlagen in zehn definierten KRITIS-Sektoren, z.\u202fB. Energie, Gesundheit, Verkehr und IT. Entscheidend ist unter anderem, ob ein Unternehmen mehr als 500.000 Menschen versorgt.<\/p>\t\t\t\t\t\t\t\t<\/div>\n\t\t\t\t<\/div>\n\t\t\t\t<\/div>\n\t\t\t\t\t<\/details>\n\t\t\t\t\t\t<details id=\"e-n-accordion-item-2282\" class=\"e-n-accordion-item\" >\n\t\t\t\t<summary class=\"e-n-accordion-item-title\" data-accordion-index=\"3\" tabindex=\"-1\" aria-expanded=\"false\" aria-controls=\"e-n-accordion-item-2282\" >\n\t\t\t\t\t<span class='e-n-accordion-item-title-header'><div class=\"e-n-accordion-item-title-text\"> Welche Pflichten entstehen durch das KRITIS-Dachgesetz? <\/div><\/span>\n\t\t\t\t\t\t\t<span class='e-n-accordion-item-title-icon'>\n\t\t\t<span class='e-opened' ><svg aria-hidden=\"true\" class=\"e-font-icon-svg e-fas-minus\" viewbox=\"0 0 448 512\" xmlns=\"http:\/\/www.w3.org\/2000\/svg\"><path d=\"M416 208H32c-17.67 0-32 14.33-32 32v32c0 17.67 14.33 32 32 32h384c17.67 0 32-14.33 32-32v-32c0-17.67-14.33-32-32-32z\"><\/path><\/svg><\/span>\n\t\t\t<span class='e-closed'><svg aria-hidden=\"true\" class=\"e-font-icon-svg e-fas-plus\" viewbox=\"0 0 448 512\" xmlns=\"http:\/\/www.w3.org\/2000\/svg\"><path d=\"M416 208H272V64c0-17.67-14.33-32-32-32h-32c-17.67 0-32 14.33-32 32v144H32c-17.67 0-32 14.33-32 32v32c0 17.67 14.33 32 32 32h144v144c0 17.67 14.33 32 32 32h32c17.67 0 32-14.33 32-32V304h144c17.67 0 32-14.33 32-32v-32c0-17.67-14.33-32-32-32z\"><\/path><\/svg><\/span>\n\t\t<\/span>\n\n\t\t\t\t\t\t<\/summary>\n\t\t\t\t<div role=\"region\" aria-labelledby=\"e-n-accordion-item-2282\" class=\"elementor-element elementor-element-a84caec e-con-full e-flex e-con e-child\" data-id=\"a84caec\" data-element_type=\"container\" data-e-type=\"container\">\n\t\t\t\t<div class=\"elementor-element elementor-element-e8491bf elementor-widget elementor-widget-text-editor\" data-id=\"e8491bf\" data-element_type=\"widget\" data-e-type=\"widget\" data-widget_type=\"text-editor.default\">\n\t\t\t\t<div class=\"elementor-widget-container\">\n\t\t\t\t\t\t\t\t\t<p class=\"p1\">Unternehmen m\u00fcssen regelm\u00e4\u00dfig Risiken bewerten, Ma\u00dfnahmen zur Resilienz dokumentieren, Vorf\u00e4lle melden und eine Kontaktstelle benennen. Zus\u00e4tzlich werden Schulungen und organisatorische Schutzma\u00dfnahmen gefordert.<\/p>\t\t\t\t\t\t\t\t<\/div>\n\t\t\t\t<\/div>\n\t\t\t\t<\/div>\n\t\t\t\t\t<\/details>\n\t\t\t\t\t\t<details id=\"e-n-accordion-item-2283\" class=\"e-n-accordion-item\" >\n\t\t\t\t<summary class=\"e-n-accordion-item-title\" data-accordion-index=\"4\" tabindex=\"-1\" aria-expanded=\"false\" aria-controls=\"e-n-accordion-item-2283\" >\n\t\t\t\t\t<span class='e-n-accordion-item-title-header'><div class=\"e-n-accordion-item-title-text\"> Ab wann gilt das neue KRITIS-Gesetz? <\/div><\/span>\n\t\t\t\t\t\t\t<span class='e-n-accordion-item-title-icon'>\n\t\t\t<span class='e-opened' ><svg aria-hidden=\"true\" class=\"e-font-icon-svg e-fas-minus\" viewbox=\"0 0 448 512\" xmlns=\"http:\/\/www.w3.org\/2000\/svg\"><path d=\"M416 208H32c-17.67 0-32 14.33-32 32v32c0 17.67 14.33 32 32 32h384c17.67 0 32-14.33 32-32v-32c0-17.67-14.33-32-32-32z\"><\/path><\/svg><\/span>\n\t\t\t<span class='e-closed'><svg aria-hidden=\"true\" class=\"e-font-icon-svg e-fas-plus\" viewbox=\"0 0 448 512\" xmlns=\"http:\/\/www.w3.org\/2000\/svg\"><path d=\"M416 208H272V64c0-17.67-14.33-32-32-32h-32c-17.67 0-32 14.33-32 32v144H32c-17.67 0-32 14.33-32 32v32c0 17.67 14.33 32 32 32h144v144c0 17.67 14.33 32 32 32h32c17.67 0 32-14.33 32-32V304h144c17.67 0 32-14.33 32-32v-32c0-17.67-14.33-32-32-32z\"><\/path><\/svg><\/span>\n\t\t<\/span>\n\n\t\t\t\t\t\t<\/summary>\n\t\t\t\t<div role=\"region\" aria-labelledby=\"e-n-accordion-item-2283\" class=\"elementor-element elementor-element-48f196a e-flex e-con-boxed e-con e-child\" data-id=\"48f196a\" data-element_type=\"container\" data-e-type=\"container\">\n\t\t\t\t\t<div class=\"e-con-inner\">\n\t\t\t\t<div class=\"elementor-element elementor-element-7a01ff1 elementor-widget elementor-widget-text-editor\" data-id=\"7a01ff1\" data-element_type=\"widget\" data-e-type=\"widget\" data-widget_type=\"text-editor.default\">\n\t\t\t\t<div class=\"elementor-widget-container\">\n\t\t\t\t\t\t\t\t\t<p class=\"p1\">Das Gesetz soll bis sp\u00e4testens Oktober 2024 in Kraft treten. Erste Verpflichtungen greifen f\u00fcr betroffene Unternehmen sp\u00e4testens im Juli 2026 \u2013 dann sind Registrierung und Umsetzungspflichten f\u00e4llig.<\/p>\t\t\t\t\t\t\t\t<\/div>\n\t\t\t\t<\/div>\n\t\t\t\t\t<\/div>\n\t\t\t\t<\/div>\n\t\t\t\t\t<\/details>\n\t\t\t\t\t\t<details id=\"e-n-accordion-item-2284\" class=\"e-n-accordion-item\" >\n\t\t\t\t<summary class=\"e-n-accordion-item-title\" data-accordion-index=\"5\" tabindex=\"-1\" aria-expanded=\"false\" aria-controls=\"e-n-accordion-item-2284\" >\n\t\t\t\t\t<span class='e-n-accordion-item-title-header'><div class=\"e-n-accordion-item-title-text\"> Was ist der Unterschied zwischen KRITIS und NIS2? <\/div><\/span>\n\t\t\t\t\t\t\t<span class='e-n-accordion-item-title-icon'>\n\t\t\t<span class='e-opened' ><svg aria-hidden=\"true\" class=\"e-font-icon-svg e-fas-minus\" viewbox=\"0 0 448 512\" xmlns=\"http:\/\/www.w3.org\/2000\/svg\"><path d=\"M416 208H32c-17.67 0-32 14.33-32 32v32c0 17.67 14.33 32 32 32h384c17.67 0 32-14.33 32-32v-32c0-17.67-14.33-32-32-32z\"><\/path><\/svg><\/span>\n\t\t\t<span class='e-closed'><svg aria-hidden=\"true\" class=\"e-font-icon-svg e-fas-plus\" viewbox=\"0 0 448 512\" xmlns=\"http:\/\/www.w3.org\/2000\/svg\"><path d=\"M416 208H272V64c0-17.67-14.33-32-32-32h-32c-17.67 0-32 14.33-32 32v144H32c-17.67 0-32 14.33-32 32v32c0 17.67 14.33 32 32 32h144v144c0 17.67 14.33 32 32 32h32c17.67 0 32-14.33 32-32V304h144c17.67 0 32-14.33 32-32v-32c0-17.67-14.33-32-32-32z\"><\/path><\/svg><\/span>\n\t\t<\/span>\n\n\t\t\t\t\t\t<\/summary>\n\t\t\t\t<div role=\"region\" aria-labelledby=\"e-n-accordion-item-2284\" class=\"elementor-element elementor-element-eb775e7 e-flex e-con-boxed e-con e-child\" data-id=\"eb775e7\" data-element_type=\"container\" data-e-type=\"container\">\n\t\t\t\t\t<div class=\"e-con-inner\">\n\t\t\t\t<div class=\"elementor-element elementor-element-8a50739 elementor-widget elementor-widget-text-editor\" data-id=\"8a50739\" data-element_type=\"widget\" data-e-type=\"widget\" data-widget_type=\"text-editor.default\">\n\t\t\t\t<div class=\"elementor-widget-container\">\n\t\t\t\t\t\t\t\t\t<p>Lorem ipsum dolor sit amet, consectetur adipiscing elit. Ut elit tellus, luctus nec ullamcorper mattis, pulvinar dapibus leo.<\/p>\t\t\t\t\t\t\t\t<\/div>\n\t\t\t\t<\/div>\n\t\t\t\t\t<\/div>\n\t\t\t\t<\/div>\n\t\t\t\t\t<\/details>\n\t\t\t\t\t<\/div>\n\t\t\t\t\t\t<\/div>\n\t\t\t\t<\/div>\n\t\t\t\t\t<\/div>\n\t\t\t\t<\/div>\n\t\t\t\t<\/div>","protected":false},"excerpt":{"rendered":"<p>KRITIS 2025: Was sich durch das KRITIS-Dachgesetz \u00e4ndern soll KRITIS im Wandel Kritische Infrastrukturen sind das R\u00fcckgrat moderner Gesellschaften. Ohne funktionierende Energieversorgung, Kommunikationsnetze, Gesundheitsversorgung oder Transportlogistik steht nicht nur der Alltag still \u2013 auch staatliche Stabilit\u00e4t und wirtschaftliche Leistungsf\u00e4higkeit geraten ins Wanken. Vor diesem Hintergrund nimmt der Schutz dieser lebenswichtigen Systeme seit Jahren an Bedeutung [&hellip;]<\/p>\n","protected":false},"author":249796503,"featured_media":7634,"comment_status":"open","ping_status":"open","sticky":false,"template":"","format":"standard","meta":{"_crdt_document":"","_uag_custom_page_level_css":"","site-sidebar-layout":"default","site-content-layout":"","ast-site-content-layout":"default","site-content-style":"default","site-sidebar-style":"default","ast-global-header-display":"","ast-banner-title-visibility":"","ast-main-header-display":"","ast-hfb-above-header-display":"","ast-hfb-below-header-display":"","ast-hfb-mobile-header-display":"","site-post-title":"","ast-breadcrumbs-content":"","ast-featured-img":"","footer-sml-layout":"","theme-transparent-header-meta":"default","adv-header-id-meta":"","stick-header-meta":"default","header-above-stick-meta":"","header-main-stick-meta":"","header-below-stick-meta":"","astra-migrate-meta-layouts":"set","ast-page-background-enabled":"default","ast-page-background-meta":{"desktop":{"background-color":"var(--ast-global-color-4)","background-image":"","background-repeat":"repeat","background-position":"center center","background-size":"auto","background-attachment":"scroll","background-type":"","background-media":"","overlay-type":"","overlay-color":"","overlay-opacity":"","overlay-gradient":""},"tablet":{"background-color":"","background-image":"","background-repeat":"repeat","background-position":"center center","background-size":"auto","background-attachment":"scroll","background-type":"","background-media":"","overlay-type":"","overlay-color":"","overlay-opacity":"","overlay-gradient":""},"mobile":{"background-color":"","background-image":"","background-repeat":"repeat","background-position":"center center","background-size":"auto","background-attachment":"scroll","background-type":"","background-media":"","overlay-type":"","overlay-color":"","overlay-opacity":"","overlay-gradient":""}},"ast-content-background-meta":{"desktop":{"background-color":"var(--ast-global-color-5)","background-image":"","background-repeat":"repeat","background-position":"center center","background-size":"auto","background-attachment":"scroll","background-type":"","background-media":"","overlay-type":"","overlay-color":"","overlay-opacity":"","overlay-gradient":""},"tablet":{"background-color":"var(--ast-global-color-5)","background-image":"","background-repeat":"repeat","background-position":"center center","background-size":"auto","background-attachment":"scroll","background-type":"","background-media":"","overlay-type":"","overlay-color":"","overlay-opacity":"","overlay-gradient":""},"mobile":{"background-color":"var(--ast-global-color-5)","background-image":"","background-repeat":"repeat","background-position":"center center","background-size":"auto","background-attachment":"scroll","background-type":"","background-media":"","overlay-type":"","overlay-color":"","overlay-opacity":"","overlay-gradient":""}},"_jetpack_newsletter_access":"","_jetpack_dont_email_post_to_subs":false,"_jetpack_newsletter_tier_id":0,"_jetpack_memberships_contains_paywalled_content":false,"_jetpack_memberships_contains_paid_content":false,"footnotes":"","jetpack_publicize_message":"","jetpack_publicize_feature_enabled":true,"jetpack_social_post_already_shared":true,"jetpack_social_options":{"image_generator_settings":{"template":"highway","default_image_id":0,"font":"","enabled":false},"version":2},"_wpas_customize_per_network":false,"jetpack_post_was_ever_published":false},"categories":[1],"tags":[],"class_list":["post-7622","post","type-post","status-publish","format-standard","has-post-thumbnail","hentry","category-uncategorized"],"yoast_head":"<!-- This site is optimized with the Yoast SEO Premium plugin v27.5 (Yoast SEO v27.5) - https:\/\/yoast.com\/product\/yoast-seo-premium-wordpress\/ -->\n<title>KRITIS 2025: Was sich durch das KRITIS-Dachgesetz \u00e4ndern soll | fuentis<\/title>\n<meta name=\"description\" content=\"Was bedeutet das neue KRITIS-Dachgesetz f\u00fcr Unternehmen? Erfahre, was sich \u00e4ndert, wer betroffen ist und wie Sie sich vorbereiten k\u00f6nnen.\" \/>\n<meta name=\"robots\" content=\"index, follow, max-snippet:-1, max-image-preview:large, max-video-preview:-1\" \/>\n<link rel=\"canonical\" href=\"https:\/\/fuentis.com\/en\/kritis-2025-was-sich-durch-das-kritis-dachgesetz-aendern-soll\/\" \/>\n<meta property=\"og:locale\" content=\"en_GB\" \/>\n<meta property=\"og:type\" content=\"article\" \/>\n<meta property=\"og:title\" content=\"KRITIS 2025: Was sich durch das KRITIS-Dachgesetz \u00e4ndern soll\" \/>\n<meta property=\"og:description\" content=\"Effiziente und effektive Verwaltung von Governance, Risk und Compliance. Jetzt sehen, wie Fuentis Ihr Unternehmen transformieren kann!\" \/>\n<meta property=\"og:url\" content=\"https:\/\/fuentis.com\/en\/kritis-2025-was-sich-durch-das-kritis-dachgesetz-aendern-soll\/\" \/>\n<meta property=\"og:site_name\" content=\"fuentis\" \/>\n<meta property=\"article:publisher\" content=\"https:\/\/www.facebook.com\/fuentisAG\/\" \/>\n<meta property=\"article:published_time\" content=\"2025-05-27T21:27:24+00:00\" \/>\n<meta property=\"article:modified_time\" content=\"2025-06-07T20:24:27+00:00\" \/>\n<meta property=\"og:image\" content=\"https:\/\/fuentis.com\/wp-content\/uploads\/2025\/05\/KRITIS-Gesetz-2025-Symbolbild-fuer-den-Schutz-kritischer-Infrastrukturen-in-Deutschland.webp\" \/>\n\t<meta property=\"og:image:width\" content=\"1024\" \/>\n\t<meta property=\"og:image:height\" content=\"1024\" \/>\n\t<meta property=\"og:image:type\" content=\"image\/webp\" \/>\n<meta name=\"author\" content=\"Srdan Manasijevic\" \/>\n<meta name=\"twitter:card\" content=\"summary_large_image\" \/>\n<meta name=\"twitter:creator\" content=\"@fuentisAG\" \/>\n<meta name=\"twitter:site\" content=\"@fuentisAG\" \/>\n<meta name=\"twitter:label1\" content=\"Written by\" \/>\n\t<meta name=\"twitter:data1\" content=\"Srdan Manasijevic\" \/>\n\t<meta name=\"twitter:label2\" content=\"Estimated reading time\" \/>\n\t<meta name=\"twitter:data2\" content=\"17 minutes\" \/>\n<script type=\"application\/ld+json\" class=\"yoast-schema-graph\">{\"@context\":\"https:\\\/\\\/schema.org\",\"@graph\":[{\"@type\":\"Article\",\"@id\":\"https:\\\/\\\/fuentis.com\\\/kritis-2025-was-sich-durch-das-kritis-dachgesetz-aendern-soll\\\/#article\",\"isPartOf\":{\"@id\":\"https:\\\/\\\/fuentis.com\\\/kritis-2025-was-sich-durch-das-kritis-dachgesetz-aendern-soll\\\/\"},\"author\":{\"name\":\"Srdan Manasijevic\",\"@id\":\"https:\\\/\\\/fuentis.com\\\/#\\\/schema\\\/person\\\/b8e4b7a7ae41aff4c7a9849c181a65b8\"},\"headline\":\"KRITIS 2025: Was sich durch das KRITIS-Dachgesetz \u00e4ndern soll\",\"datePublished\":\"2025-05-27T21:27:24+00:00\",\"dateModified\":\"2025-06-07T20:24:27+00:00\",\"mainEntityOfPage\":{\"@id\":\"https:\\\/\\\/fuentis.com\\\/kritis-2025-was-sich-durch-das-kritis-dachgesetz-aendern-soll\\\/\"},\"wordCount\":3145,\"commentCount\":0,\"publisher\":{\"@id\":\"https:\\\/\\\/fuentis.com\\\/#organization\"},\"image\":{\"@id\":\"https:\\\/\\\/fuentis.com\\\/kritis-2025-was-sich-durch-das-kritis-dachgesetz-aendern-soll\\\/#primaryimage\"},\"thumbnailUrl\":\"https:\\\/\\\/i0.wp.com\\\/fuentis.com\\\/wp-content\\\/uploads\\\/2025\\\/05\\\/KRITIS-Gesetz-2025-Symbolbild-fuer-den-Schutz-kritischer-Infrastrukturen-in-Deutschland.webp?fit=1024%2C1024&ssl=1\",\"articleSection\":[\"Uncategorized\"],\"inLanguage\":\"en-GB\",\"potentialAction\":[{\"@type\":\"CommentAction\",\"name\":\"Comment\",\"target\":[\"https:\\\/\\\/fuentis.com\\\/kritis-2025-was-sich-durch-das-kritis-dachgesetz-aendern-soll\\\/#respond\"]}]},{\"@type\":\"WebPage\",\"@id\":\"https:\\\/\\\/fuentis.com\\\/kritis-2025-was-sich-durch-das-kritis-dachgesetz-aendern-soll\\\/\",\"url\":\"https:\\\/\\\/fuentis.com\\\/kritis-2025-was-sich-durch-das-kritis-dachgesetz-aendern-soll\\\/\",\"name\":\"KRITIS 2025: Was sich durch das KRITIS-Dachgesetz \u00e4ndern soll | fuentis\",\"isPartOf\":{\"@id\":\"https:\\\/\\\/fuentis.com\\\/#website\"},\"primaryImageOfPage\":{\"@id\":\"https:\\\/\\\/fuentis.com\\\/kritis-2025-was-sich-durch-das-kritis-dachgesetz-aendern-soll\\\/#primaryimage\"},\"image\":{\"@id\":\"https:\\\/\\\/fuentis.com\\\/kritis-2025-was-sich-durch-das-kritis-dachgesetz-aendern-soll\\\/#primaryimage\"},\"thumbnailUrl\":\"https:\\\/\\\/i0.wp.com\\\/fuentis.com\\\/wp-content\\\/uploads\\\/2025\\\/05\\\/KRITIS-Gesetz-2025-Symbolbild-fuer-den-Schutz-kritischer-Infrastrukturen-in-Deutschland.webp?fit=1024%2C1024&ssl=1\",\"datePublished\":\"2025-05-27T21:27:24+00:00\",\"dateModified\":\"2025-06-07T20:24:27+00:00\",\"description\":\"Was bedeutet das neue KRITIS-Dachgesetz f\u00fcr Unternehmen? Erfahre, was sich \u00e4ndert, wer betroffen ist und wie Sie sich vorbereiten k\u00f6nnen.\",\"breadcrumb\":{\"@id\":\"https:\\\/\\\/fuentis.com\\\/kritis-2025-was-sich-durch-das-kritis-dachgesetz-aendern-soll\\\/#breadcrumb\"},\"inLanguage\":\"en-GB\",\"potentialAction\":[{\"@type\":\"ReadAction\",\"target\":[\"https:\\\/\\\/fuentis.com\\\/kritis-2025-was-sich-durch-das-kritis-dachgesetz-aendern-soll\\\/\"]}]},{\"@type\":\"ImageObject\",\"inLanguage\":\"en-GB\",\"@id\":\"https:\\\/\\\/fuentis.com\\\/kritis-2025-was-sich-durch-das-kritis-dachgesetz-aendern-soll\\\/#primaryimage\",\"url\":\"https:\\\/\\\/i0.wp.com\\\/fuentis.com\\\/wp-content\\\/uploads\\\/2025\\\/05\\\/KRITIS-Gesetz-2025-Symbolbild-fuer-den-Schutz-kritischer-Infrastrukturen-in-Deutschland.webp?fit=1024%2C1024&ssl=1\",\"contentUrl\":\"https:\\\/\\\/i0.wp.com\\\/fuentis.com\\\/wp-content\\\/uploads\\\/2025\\\/05\\\/KRITIS-Gesetz-2025-Symbolbild-fuer-den-Schutz-kritischer-Infrastrukturen-in-Deutschland.webp?fit=1024%2C1024&ssl=1\",\"width\":1024,\"height\":1024,\"caption\":\"KRITIS-Gesetz 2025 Symbolbild fu\u0308r den Schutz kritischer Infrastrukturen in Deutschland\"},{\"@type\":\"BreadcrumbList\",\"@id\":\"https:\\\/\\\/fuentis.com\\\/kritis-2025-was-sich-durch-das-kritis-dachgesetz-aendern-soll\\\/#breadcrumb\",\"itemListElement\":[{\"@type\":\"ListItem\",\"position\":1,\"name\":\"Home\",\"item\":\"https:\\\/\\\/fuentis.com\\\/\"},{\"@type\":\"ListItem\",\"position\":2,\"name\":\"KRITIS 2025: Was sich durch das KRITIS-Dachgesetz \u00e4ndern soll\"}]},{\"@type\":\"WebSite\",\"@id\":\"https:\\\/\\\/fuentis.com\\\/#website\",\"url\":\"https:\\\/\\\/fuentis.com\\\/\",\"name\":\"fuentis AG | fuentis Suite\",\"description\":\"Die IT-Compliance Plattform f\u00fcr ISO 27001, BSI IT-Grundschutz und Risikomanagement.\",\"publisher\":{\"@id\":\"https:\\\/\\\/fuentis.com\\\/#organization\"},\"alternateName\":\"fuentis AG | Homepage\",\"potentialAction\":[{\"@type\":\"SearchAction\",\"target\":{\"@type\":\"EntryPoint\",\"urlTemplate\":\"https:\\\/\\\/fuentis.com\\\/?s={search_term_string}\"},\"query-input\":{\"@type\":\"PropertyValueSpecification\",\"valueRequired\":true,\"valueName\":\"search_term_string\"}}],\"inLanguage\":\"en-GB\"},{\"@type\":\"Organization\",\"@id\":\"https:\\\/\\\/fuentis.com\\\/#organization\",\"name\":\"fuentis AG\",\"alternateName\":\"fuentis\",\"url\":\"https:\\\/\\\/fuentis.com\\\/\",\"logo\":{\"@type\":\"ImageObject\",\"inLanguage\":\"en-GB\",\"@id\":\"https:\\\/\\\/fuentis.com\\\/#\\\/schema\\\/logo\\\/image\\\/\",\"url\":\"https:\\\/\\\/i0.wp.com\\\/fuentis.com\\\/wp-content\\\/uploads\\\/2024\\\/10\\\/cropped-Fuentis-Logo-Icon-1.00.jpeg?fit=512%2C512&ssl=1\",\"contentUrl\":\"https:\\\/\\\/i0.wp.com\\\/fuentis.com\\\/wp-content\\\/uploads\\\/2024\\\/10\\\/cropped-Fuentis-Logo-Icon-1.00.jpeg?fit=512%2C512&ssl=1\",\"width\":512,\"height\":512,\"caption\":\"fuentis AG\"},\"image\":{\"@id\":\"https:\\\/\\\/fuentis.com\\\/#\\\/schema\\\/logo\\\/image\\\/\"},\"sameAs\":[\"https:\\\/\\\/www.facebook.com\\\/fuentisAG\\\/\",\"https:\\\/\\\/x.com\\\/fuentisAG\",\"https:\\\/\\\/mastodon.social\\\/@fuentisag\",\"https:\\\/\\\/de.linkedin.com\\\/company\\\/fuentis\",\"https:\\\/\\\/www.youtube.com\\\/@fuentisAG\",\"https:\\\/\\\/www.instagram.com\\\/fuentisag\\\/\"],\"description\":\"Fuentis vereint Cybersicherheit, Informationssicherheit und Datenschutz in einem Tool. Jetzt pers\u00f6nliches Angebot anfordern!\",\"email\":\"info@fuentis.com\",\"telephone\":\"+ 49 (331) 885 9211 -0\",\"legalName\":\"fuentis AG\",\"foundingDate\":\"2016-01-01\",\"vatID\":\"DE313123288\",\"numberOfEmployees\":{\"@type\":\"QuantitativeValue\",\"minValue\":\"11\",\"maxValue\":\"50\"}},{\"@type\":\"Person\",\"@id\":\"https:\\\/\\\/fuentis.com\\\/#\\\/schema\\\/person\\\/b8e4b7a7ae41aff4c7a9849c181a65b8\",\"name\":\"Srdan Manasijevic\",\"image\":{\"@type\":\"ImageObject\",\"inLanguage\":\"en-GB\",\"@id\":\"https:\\\/\\\/secure.gravatar.com\\\/avatar\\\/5bbbd470c77d8d79f4e89926e610bd8a29b351634d47e1575c09bace50d83f71?s=96&d=mm&r=g\",\"url\":\"https:\\\/\\\/secure.gravatar.com\\\/avatar\\\/5bbbd470c77d8d79f4e89926e610bd8a29b351634d47e1575c09bace50d83f71?s=96&d=mm&r=g\",\"contentUrl\":\"https:\\\/\\\/secure.gravatar.com\\\/avatar\\\/5bbbd470c77d8d79f4e89926e610bd8a29b351634d47e1575c09bace50d83f71?s=96&d=mm&r=g\",\"caption\":\"Srdan Manasijevic\"},\"url\":\"https:\\\/\\\/fuentis.com\\\/en\\\/author\\\/srdan-manasijevic\\\/\"}]}<\/script>\n<!-- \/ Yoast SEO Premium plugin. -->","yoast_head_json":{"title":"KRITIS 2025: Was sich durch das KRITIS-Dachgesetz \u00e4ndern soll | fuentis","description":"Was bedeutet das neue KRITIS-Dachgesetz f\u00fcr Unternehmen? Erfahre, was sich \u00e4ndert, wer betroffen ist und wie Sie sich vorbereiten k\u00f6nnen.","robots":{"index":"index","follow":"follow","max-snippet":"max-snippet:-1","max-image-preview":"max-image-preview:large","max-video-preview":"max-video-preview:-1"},"canonical":"https:\/\/fuentis.com\/en\/kritis-2025-was-sich-durch-das-kritis-dachgesetz-aendern-soll\/","og_locale":"en_GB","og_type":"article","og_title":"KRITIS 2025: Was sich durch das KRITIS-Dachgesetz \u00e4ndern soll","og_description":"Effiziente und effektive Verwaltung von Governance, Risk und Compliance. Jetzt sehen, wie Fuentis Ihr Unternehmen transformieren kann!","og_url":"https:\/\/fuentis.com\/en\/kritis-2025-was-sich-durch-das-kritis-dachgesetz-aendern-soll\/","og_site_name":"fuentis","article_publisher":"https:\/\/www.facebook.com\/fuentisAG\/","article_published_time":"2025-05-27T21:27:24+00:00","article_modified_time":"2025-06-07T20:24:27+00:00","og_image":[{"width":1024,"height":1024,"url":"https:\/\/fuentis.com\/wp-content\/uploads\/2025\/05\/KRITIS-Gesetz-2025-Symbolbild-fuer-den-Schutz-kritischer-Infrastrukturen-in-Deutschland.webp","type":"image\/webp"}],"author":"Srdan Manasijevic","twitter_card":"summary_large_image","twitter_creator":"@fuentisAG","twitter_site":"@fuentisAG","twitter_misc":{"Written by":"Srdan Manasijevic","Estimated reading time":"17 minutes"},"schema":{"@context":"https:\/\/schema.org","@graph":[{"@type":"Article","@id":"https:\/\/fuentis.com\/kritis-2025-was-sich-durch-das-kritis-dachgesetz-aendern-soll\/#article","isPartOf":{"@id":"https:\/\/fuentis.com\/kritis-2025-was-sich-durch-das-kritis-dachgesetz-aendern-soll\/"},"author":{"name":"Srdan Manasijevic","@id":"https:\/\/fuentis.com\/#\/schema\/person\/b8e4b7a7ae41aff4c7a9849c181a65b8"},"headline":"KRITIS 2025: Was sich durch das KRITIS-Dachgesetz \u00e4ndern soll","datePublished":"2025-05-27T21:27:24+00:00","dateModified":"2025-06-07T20:24:27+00:00","mainEntityOfPage":{"@id":"https:\/\/fuentis.com\/kritis-2025-was-sich-durch-das-kritis-dachgesetz-aendern-soll\/"},"wordCount":3145,"commentCount":0,"publisher":{"@id":"https:\/\/fuentis.com\/#organization"},"image":{"@id":"https:\/\/fuentis.com\/kritis-2025-was-sich-durch-das-kritis-dachgesetz-aendern-soll\/#primaryimage"},"thumbnailUrl":"https:\/\/i0.wp.com\/fuentis.com\/wp-content\/uploads\/2025\/05\/KRITIS-Gesetz-2025-Symbolbild-fuer-den-Schutz-kritischer-Infrastrukturen-in-Deutschland.webp?fit=1024%2C1024&ssl=1","articleSection":["Uncategorized"],"inLanguage":"en-GB","potentialAction":[{"@type":"CommentAction","name":"Comment","target":["https:\/\/fuentis.com\/kritis-2025-was-sich-durch-das-kritis-dachgesetz-aendern-soll\/#respond"]}]},{"@type":"WebPage","@id":"https:\/\/fuentis.com\/kritis-2025-was-sich-durch-das-kritis-dachgesetz-aendern-soll\/","url":"https:\/\/fuentis.com\/kritis-2025-was-sich-durch-das-kritis-dachgesetz-aendern-soll\/","name":"KRITIS 2025: Was sich durch das KRITIS-Dachgesetz \u00e4ndern soll | fuentis","isPartOf":{"@id":"https:\/\/fuentis.com\/#website"},"primaryImageOfPage":{"@id":"https:\/\/fuentis.com\/kritis-2025-was-sich-durch-das-kritis-dachgesetz-aendern-soll\/#primaryimage"},"image":{"@id":"https:\/\/fuentis.com\/kritis-2025-was-sich-durch-das-kritis-dachgesetz-aendern-soll\/#primaryimage"},"thumbnailUrl":"https:\/\/i0.wp.com\/fuentis.com\/wp-content\/uploads\/2025\/05\/KRITIS-Gesetz-2025-Symbolbild-fuer-den-Schutz-kritischer-Infrastrukturen-in-Deutschland.webp?fit=1024%2C1024&ssl=1","datePublished":"2025-05-27T21:27:24+00:00","dateModified":"2025-06-07T20:24:27+00:00","description":"Was bedeutet das neue KRITIS-Dachgesetz f\u00fcr Unternehmen? Erfahre, was sich \u00e4ndert, wer betroffen ist und wie Sie sich vorbereiten k\u00f6nnen.","breadcrumb":{"@id":"https:\/\/fuentis.com\/kritis-2025-was-sich-durch-das-kritis-dachgesetz-aendern-soll\/#breadcrumb"},"inLanguage":"en-GB","potentialAction":[{"@type":"ReadAction","target":["https:\/\/fuentis.com\/kritis-2025-was-sich-durch-das-kritis-dachgesetz-aendern-soll\/"]}]},{"@type":"ImageObject","inLanguage":"en-GB","@id":"https:\/\/fuentis.com\/kritis-2025-was-sich-durch-das-kritis-dachgesetz-aendern-soll\/#primaryimage","url":"https:\/\/i0.wp.com\/fuentis.com\/wp-content\/uploads\/2025\/05\/KRITIS-Gesetz-2025-Symbolbild-fuer-den-Schutz-kritischer-Infrastrukturen-in-Deutschland.webp?fit=1024%2C1024&ssl=1","contentUrl":"https:\/\/i0.wp.com\/fuentis.com\/wp-content\/uploads\/2025\/05\/KRITIS-Gesetz-2025-Symbolbild-fuer-den-Schutz-kritischer-Infrastrukturen-in-Deutschland.webp?fit=1024%2C1024&ssl=1","width":1024,"height":1024,"caption":"KRITIS-Gesetz 2025 Symbolbild fu\u0308r den Schutz kritischer Infrastrukturen in Deutschland"},{"@type":"BreadcrumbList","@id":"https:\/\/fuentis.com\/kritis-2025-was-sich-durch-das-kritis-dachgesetz-aendern-soll\/#breadcrumb","itemListElement":[{"@type":"ListItem","position":1,"name":"Home","item":"https:\/\/fuentis.com\/"},{"@type":"ListItem","position":2,"name":"KRITIS 2025: Was sich durch das KRITIS-Dachgesetz \u00e4ndern soll"}]},{"@type":"WebSite","@id":"https:\/\/fuentis.com\/#website","url":"https:\/\/fuentis.com\/","name":"fuentis AG | fuentis Suite","description":"Die IT-Compliance Plattform f\u00fcr ISO 27001, BSI IT-Grundschutz und Risikomanagement.","publisher":{"@id":"https:\/\/fuentis.com\/#organization"},"alternateName":"fuentis AG | Homepage","potentialAction":[{"@type":"SearchAction","target":{"@type":"EntryPoint","urlTemplate":"https:\/\/fuentis.com\/?s={search_term_string}"},"query-input":{"@type":"PropertyValueSpecification","valueRequired":true,"valueName":"search_term_string"}}],"inLanguage":"en-GB"},{"@type":"Organization","@id":"https:\/\/fuentis.com\/#organization","name":"fuentis AG","alternateName":"fuentis","url":"https:\/\/fuentis.com\/","logo":{"@type":"ImageObject","inLanguage":"en-GB","@id":"https:\/\/fuentis.com\/#\/schema\/logo\/image\/","url":"https:\/\/i0.wp.com\/fuentis.com\/wp-content\/uploads\/2024\/10\/cropped-Fuentis-Logo-Icon-1.00.jpeg?fit=512%2C512&ssl=1","contentUrl":"https:\/\/i0.wp.com\/fuentis.com\/wp-content\/uploads\/2024\/10\/cropped-Fuentis-Logo-Icon-1.00.jpeg?fit=512%2C512&ssl=1","width":512,"height":512,"caption":"fuentis AG"},"image":{"@id":"https:\/\/fuentis.com\/#\/schema\/logo\/image\/"},"sameAs":["https:\/\/www.facebook.com\/fuentisAG\/","https:\/\/x.com\/fuentisAG","https:\/\/mastodon.social\/@fuentisag","https:\/\/de.linkedin.com\/company\/fuentis","https:\/\/www.youtube.com\/@fuentisAG","https:\/\/www.instagram.com\/fuentisag\/"],"description":"Fuentis vereint Cybersicherheit, Informationssicherheit und Datenschutz in einem Tool. Jetzt pers\u00f6nliches Angebot anfordern!","email":"info@fuentis.com","telephone":"+ 49 (331) 885 9211 -0","legalName":"fuentis AG","foundingDate":"2016-01-01","vatID":"DE313123288","numberOfEmployees":{"@type":"QuantitativeValue","minValue":"11","maxValue":"50"}},{"@type":"Person","@id":"https:\/\/fuentis.com\/#\/schema\/person\/b8e4b7a7ae41aff4c7a9849c181a65b8","name":"Srdan Manasijevic","image":{"@type":"ImageObject","inLanguage":"en-GB","@id":"https:\/\/secure.gravatar.com\/avatar\/5bbbd470c77d8d79f4e89926e610bd8a29b351634d47e1575c09bace50d83f71?s=96&d=mm&r=g","url":"https:\/\/secure.gravatar.com\/avatar\/5bbbd470c77d8d79f4e89926e610bd8a29b351634d47e1575c09bace50d83f71?s=96&d=mm&r=g","contentUrl":"https:\/\/secure.gravatar.com\/avatar\/5bbbd470c77d8d79f4e89926e610bd8a29b351634d47e1575c09bace50d83f71?s=96&d=mm&r=g","caption":"Srdan Manasijevic"},"url":"https:\/\/fuentis.com\/en\/author\/srdan-manasijevic\/"}]}},"jetpack_publicize_connections":[],"jetpack_featured_media_url":"https:\/\/i0.wp.com\/fuentis.com\/wp-content\/uploads\/2025\/05\/KRITIS-Gesetz-2025-Symbolbild-fuer-den-Schutz-kritischer-Infrastrukturen-in-Deutschland.webp?fit=1024%2C1024&ssl=1","uagb_featured_image_src":{"full":["https:\/\/i0.wp.com\/fuentis.com\/wp-content\/uploads\/2025\/05\/KRITIS-Gesetz-2025-Symbolbild-fuer-den-Schutz-kritischer-Infrastrukturen-in-Deutschland.webp?fit=1024%2C1024&ssl=1",1024,1024,false],"thumbnail":["https:\/\/i0.wp.com\/fuentis.com\/wp-content\/uploads\/2025\/05\/KRITIS-Gesetz-2025-Symbolbild-fuer-den-Schutz-kritischer-Infrastrukturen-in-Deutschland.webp?resize=150%2C150&ssl=1",150,150,true],"medium":["https:\/\/i0.wp.com\/fuentis.com\/wp-content\/uploads\/2025\/05\/KRITIS-Gesetz-2025-Symbolbild-fuer-den-Schutz-kritischer-Infrastrukturen-in-Deutschland.webp?fit=300%2C300&ssl=1",300,300,true],"medium_large":["https:\/\/i0.wp.com\/fuentis.com\/wp-content\/uploads\/2025\/05\/KRITIS-Gesetz-2025-Symbolbild-fuer-den-Schutz-kritischer-Infrastrukturen-in-Deutschland.webp?fit=768%2C768&ssl=1",768,768,true],"large":["https:\/\/i0.wp.com\/fuentis.com\/wp-content\/uploads\/2025\/05\/KRITIS-Gesetz-2025-Symbolbild-fuer-den-Schutz-kritischer-Infrastrukturen-in-Deutschland.webp?fit=1024%2C1024&ssl=1",1024,1024,true],"1536x1536":["https:\/\/i0.wp.com\/fuentis.com\/wp-content\/uploads\/2025\/05\/KRITIS-Gesetz-2025-Symbolbild-fuer-den-Schutz-kritischer-Infrastrukturen-in-Deutschland.webp?fit=1024%2C1024&ssl=1",1024,1024,true],"2048x2048":["https:\/\/i0.wp.com\/fuentis.com\/wp-content\/uploads\/2025\/05\/KRITIS-Gesetz-2025-Symbolbild-fuer-den-Schutz-kritischer-Infrastrukturen-in-Deutschland.webp?fit=1024%2C1024&ssl=1",1024,1024,true],"trp-custom-language-flag":["https:\/\/i0.wp.com\/fuentis.com\/wp-content\/uploads\/2025\/05\/KRITIS-Gesetz-2025-Symbolbild-fuer-den-Schutz-kritischer-Infrastrukturen-in-Deutschland.webp?fit=12%2C12&ssl=1",12,12,true],"newspack-article-block-landscape-large":["https:\/\/i0.wp.com\/fuentis.com\/wp-content\/uploads\/2025\/05\/KRITIS-Gesetz-2025-Symbolbild-fuer-den-Schutz-kritischer-Infrastrukturen-in-Deutschland.webp?resize=1024%2C900&ssl=1",1024,900,true],"newspack-article-block-portrait-large":["https:\/\/i0.wp.com\/fuentis.com\/wp-content\/uploads\/2025\/05\/KRITIS-Gesetz-2025-Symbolbild-fuer-den-Schutz-kritischer-Infrastrukturen-in-Deutschland.webp?resize=900%2C1024&ssl=1",900,1024,true],"newspack-article-block-square-large":["https:\/\/i0.wp.com\/fuentis.com\/wp-content\/uploads\/2025\/05\/KRITIS-Gesetz-2025-Symbolbild-fuer-den-Schutz-kritischer-Infrastrukturen-in-Deutschland.webp?resize=1024%2C1024&ssl=1",1024,1024,true],"newspack-article-block-landscape-medium":["https:\/\/i0.wp.com\/fuentis.com\/wp-content\/uploads\/2025\/05\/KRITIS-Gesetz-2025-Symbolbild-fuer-den-Schutz-kritischer-Infrastrukturen-in-Deutschland.webp?resize=800%2C600&ssl=1",800,600,true],"newspack-article-block-portrait-medium":["https:\/\/i0.wp.com\/fuentis.com\/wp-content\/uploads\/2025\/05\/KRITIS-Gesetz-2025-Symbolbild-fuer-den-Schutz-kritischer-Infrastrukturen-in-Deutschland.webp?resize=600%2C800&ssl=1",600,800,true],"newspack-article-block-square-medium":["https:\/\/i0.wp.com\/fuentis.com\/wp-content\/uploads\/2025\/05\/KRITIS-Gesetz-2025-Symbolbild-fuer-den-Schutz-kritischer-Infrastrukturen-in-Deutschland.webp?resize=800%2C800&ssl=1",800,800,true],"newspack-article-block-landscape-intermediate":["https:\/\/i0.wp.com\/fuentis.com\/wp-content\/uploads\/2025\/05\/KRITIS-Gesetz-2025-Symbolbild-fuer-den-Schutz-kritischer-Infrastrukturen-in-Deutschland.webp?resize=600%2C450&ssl=1",600,450,true],"newspack-article-block-portrait-intermediate":["https:\/\/i0.wp.com\/fuentis.com\/wp-content\/uploads\/2025\/05\/KRITIS-Gesetz-2025-Symbolbild-fuer-den-Schutz-kritischer-Infrastrukturen-in-Deutschland.webp?resize=450%2C600&ssl=1",450,600,true],"newspack-article-block-square-intermediate":["https:\/\/i0.wp.com\/fuentis.com\/wp-content\/uploads\/2025\/05\/KRITIS-Gesetz-2025-Symbolbild-fuer-den-Schutz-kritischer-Infrastrukturen-in-Deutschland.webp?resize=600%2C600&ssl=1",600,600,true],"newspack-article-block-landscape-small":["https:\/\/i0.wp.com\/fuentis.com\/wp-content\/uploads\/2025\/05\/KRITIS-Gesetz-2025-Symbolbild-fuer-den-Schutz-kritischer-Infrastrukturen-in-Deutschland.webp?resize=400%2C300&ssl=1",400,300,true],"newspack-article-block-portrait-small":["https:\/\/i0.wp.com\/fuentis.com\/wp-content\/uploads\/2025\/05\/KRITIS-Gesetz-2025-Symbolbild-fuer-den-Schutz-kritischer-Infrastrukturen-in-Deutschland.webp?resize=300%2C400&ssl=1",300,400,true],"newspack-article-block-square-small":["https:\/\/i0.wp.com\/fuentis.com\/wp-content\/uploads\/2025\/05\/KRITIS-Gesetz-2025-Symbolbild-fuer-den-Schutz-kritischer-Infrastrukturen-in-Deutschland.webp?resize=400%2C400&ssl=1",400,400,true],"newspack-article-block-landscape-tiny":["https:\/\/i0.wp.com\/fuentis.com\/wp-content\/uploads\/2025\/05\/KRITIS-Gesetz-2025-Symbolbild-fuer-den-Schutz-kritischer-Infrastrukturen-in-Deutschland.webp?resize=200%2C150&ssl=1",200,150,true],"newspack-article-block-portrait-tiny":["https:\/\/i0.wp.com\/fuentis.com\/wp-content\/uploads\/2025\/05\/KRITIS-Gesetz-2025-Symbolbild-fuer-den-Schutz-kritischer-Infrastrukturen-in-Deutschland.webp?resize=150%2C200&ssl=1",150,200,true],"newspack-article-block-square-tiny":["https:\/\/i0.wp.com\/fuentis.com\/wp-content\/uploads\/2025\/05\/KRITIS-Gesetz-2025-Symbolbild-fuer-den-Schutz-kritischer-Infrastrukturen-in-Deutschland.webp?resize=200%2C200&ssl=1",200,200,true],"newspack-article-block-uncropped":["https:\/\/i0.wp.com\/fuentis.com\/wp-content\/uploads\/2025\/05\/KRITIS-Gesetz-2025-Symbolbild-fuer-den-Schutz-kritischer-Infrastrukturen-in-Deutschland.webp?fit=1024%2C1024&ssl=1",1024,1024,true],"menu-24x24":["https:\/\/i0.wp.com\/fuentis.com\/wp-content\/uploads\/2025\/05\/KRITIS-Gesetz-2025-Symbolbild-fuer-den-Schutz-kritischer-Infrastrukturen-in-Deutschland.webp?fit=24%2C24&ssl=1",24,24,true],"menu-36x36":["https:\/\/i0.wp.com\/fuentis.com\/wp-content\/uploads\/2025\/05\/KRITIS-Gesetz-2025-Symbolbild-fuer-den-Schutz-kritischer-Infrastrukturen-in-Deutschland.webp?fit=36%2C36&ssl=1",36,36,true],"menu-48x48":["https:\/\/i0.wp.com\/fuentis.com\/wp-content\/uploads\/2025\/05\/KRITIS-Gesetz-2025-Symbolbild-fuer-den-Schutz-kritischer-Infrastrukturen-in-Deutschland.webp?fit=48%2C48&ssl=1",48,48,true]},"uagb_author_info":{"display_name":"Srdan Manasijevic","author_link":"https:\/\/fuentis.com\/en\/author\/srdan-manasijevic\/"},"uagb_comment_info":0,"uagb_excerpt":"KRITIS 2025: Was sich durch das KRITIS-Dachgesetz \u00e4ndern soll KRITIS im Wandel Kritische Infrastrukturen sind das R\u00fcckgrat moderner Gesellschaften. Ohne funktionierende Energieversorgung, Kommunikationsnetze, Gesundheitsversorgung oder Transportlogistik steht nicht nur der Alltag still \u2013 auch staatliche Stabilit\u00e4t und wirtschaftliche Leistungsf\u00e4higkeit geraten ins Wanken. Vor diesem Hintergrund nimmt der Schutz dieser lebenswichtigen Systeme seit Jahren an Bedeutung&hellip;","jetpack_likes_enabled":false,"jetpack_sharing_enabled":true,"jetpack_shortlink":"https:\/\/wp.me\/pfIFB2-1YW","jetpack-related-posts":[{"id":7967,"url":"https:\/\/fuentis.com\/en\/kritis-im-compliance-dschungel-synergien-zwischen-gesetzen-und-standards-erfolgreich-nutzen\/","url_meta":{"origin":7622,"position":0},"title":"KRITIS im Compliance-Dschungel &#8211; Synergien zwischen Gesetzen und Standards erfolgreich nutzen","author":"Srdan Manasijevic","date":"August 20, 2025","format":false,"excerpt":"KRITIS im Compliance-Dschungel - Synergien zwischen Gesetzen und Standards erfolgreich nutzen Das BSI-Gesetz bildet das rechtliche Fundament der deutschen KRITIS-Regulierung und definiert in \u00a7 8a die zentralen Pflichten f\u00fcr Betreiber kritischer Infrastrukturen. Seit der letzten Novellierung m\u00fcssen KRITIS-Unternehmen nicht nur angemessene organisatorische und technische Vorkehrungen treffen, sondern auch alle zwei\u2026","rel":"","context":"In &quot;KRITIS&quot;","block_context":{"text":"KRITIS","link":"https:\/\/fuentis.com\/en\/category\/kritis\/"},"img":{"alt_text":"Erfahren Sie, wie KRITIS-Unternehmen die Komplexit\u00e4t von BSI-Gesetz, NIS2, DSGVO und branchenspezifischen Standards erfolgreich meistern. Praktische Tipps f\u00fcr integrierte ISMS-Ans\u00e4tze, Automatisierung und Synergien zwischen verschiedenen Compliance-Anforderungen.","src":"https:\/\/i0.wp.com\/fuentis.com\/wp-content\/uploads\/2025\/08\/KRITIS-synergien-im-compliance-dschungel.webp?fit=1200%2C630&ssl=1&resize=350%2C200","width":350,"height":200,"srcset":"https:\/\/i0.wp.com\/fuentis.com\/wp-content\/uploads\/2025\/08\/KRITIS-synergien-im-compliance-dschungel.webp?fit=1200%2C630&ssl=1&resize=350%2C200 1x, https:\/\/i0.wp.com\/fuentis.com\/wp-content\/uploads\/2025\/08\/KRITIS-synergien-im-compliance-dschungel.webp?fit=1200%2C630&ssl=1&resize=525%2C300 1.5x, https:\/\/i0.wp.com\/fuentis.com\/wp-content\/uploads\/2025\/08\/KRITIS-synergien-im-compliance-dschungel.webp?fit=1200%2C630&ssl=1&resize=700%2C400 2x, https:\/\/i0.wp.com\/fuentis.com\/wp-content\/uploads\/2025\/08\/KRITIS-synergien-im-compliance-dschungel.webp?fit=1200%2C630&ssl=1&resize=1050%2C600 3x"},"classes":[]},{"id":7647,"url":"https:\/\/fuentis.com\/en\/was-gehoert-zur-kritischen-infrastruktur-kritis\/","url_meta":{"origin":7622,"position":1},"title":"Was geh\u00f6rt zur kritischen Infrastruktur?","author":"Srdan Manasijevic","date":"June 1, 2025","format":false,"excerpt":"Was geh\u00f6rt zur kritischen Infrastruktur?Was ist KRITIS?KRITIS (Kritische Infrastrukturen) bezeichnen Einrichtungen und Organisationen, die f\u00fcr das Funktionieren des Gemeinwesens essenziell sind. Ein Ausfall oder eine St\u00f6rung dieser Strukturen kann schwerwiegende Folgen haben. Etwa langanhaltende Versorgungsprobleme, erhebliche Beeintr\u00e4chtigungen der \u00f6ffentlichen Ordnung oder andere weitreichende Auswirkungen.Wann gilt etwas als kritische Infrastruktur?Nicht jede\u2026","rel":"","context":"In &quot;KRITIS&quot;","block_context":{"text":"KRITIS","link":"https:\/\/fuentis.com\/en\/category\/kritis\/"},"img":{"alt_text":"fuentis AG - OG Image - Was geho\u0308rt zur kritischen Infrastruktur - 1.00","src":"https:\/\/i0.wp.com\/fuentis.com\/wp-content\/uploads\/2025\/06\/fuentis-AG-OG-Image-Was-gehoert-zur-kritischen-Infrastruktur-1.00.webp?fit=1200%2C630&ssl=1&resize=350%2C200","width":350,"height":200,"srcset":"https:\/\/i0.wp.com\/fuentis.com\/wp-content\/uploads\/2025\/06\/fuentis-AG-OG-Image-Was-gehoert-zur-kritischen-Infrastruktur-1.00.webp?fit=1200%2C630&ssl=1&resize=350%2C200 1x, https:\/\/i0.wp.com\/fuentis.com\/wp-content\/uploads\/2025\/06\/fuentis-AG-OG-Image-Was-gehoert-zur-kritischen-Infrastruktur-1.00.webp?fit=1200%2C630&ssl=1&resize=525%2C300 1.5x, https:\/\/i0.wp.com\/fuentis.com\/wp-content\/uploads\/2025\/06\/fuentis-AG-OG-Image-Was-gehoert-zur-kritischen-Infrastruktur-1.00.webp?fit=1200%2C630&ssl=1&resize=700%2C400 2x, https:\/\/i0.wp.com\/fuentis.com\/wp-content\/uploads\/2025\/06\/fuentis-AG-OG-Image-Was-gehoert-zur-kritischen-Infrastruktur-1.00.webp?fit=1200%2C630&ssl=1&resize=1050%2C600 3x"},"classes":[]},{"id":7691,"url":"https:\/\/fuentis.com\/en\/kritis-identifikation-gehoert-meine-organisation-zu-kritis-dazu\/","url_meta":{"origin":7622,"position":2},"title":"KRITIS Identifikation &#8211; Geh\u00f6rt meine Organisation zu KRITIS dazu?","author":"Srdan Manasijevic","date":"June 10, 2025","format":false,"excerpt":"KRITIS Identifikation - Geh\u00f6rt meine Organisation zu KRITIS dazu? Unternehmen sind selbst verpflichtet, zu pr\u00fcfen, ob sie kritische Infrastrukturen betreiben. Dies umfasst insbesondere die Identifikation relevanter Anlagen sowie die Bewertung, ob diese f\u00fcr die Erbringung sogenannter \u201ekritischer Dienstleistungen\u201c notwendig sind. Grundlage hierf\u00fcr ist die BSI-Kritisverordnung, die auf \u00a7\u202f10 Absatz\u202f1 des\u2026","rel":"","context":"In &quot;KRITIS&quot;","block_context":{"text":"KRITIS","link":"https:\/\/fuentis.com\/en\/category\/kritis\/"},"img":{"alt_text":"KRITIS Identifikation - Geho\u0308rt meine Organisation zu KRITIS dazu?","src":"https:\/\/i0.wp.com\/fuentis.com\/wp-content\/uploads\/2025\/06\/KRITIS-Identifikation-Gehoert-meine-Organisation-zu-KRITIS-dazu.png?fit=1200%2C630&ssl=1&resize=350%2C200","width":350,"height":200,"srcset":"https:\/\/i0.wp.com\/fuentis.com\/wp-content\/uploads\/2025\/06\/KRITIS-Identifikation-Gehoert-meine-Organisation-zu-KRITIS-dazu.png?fit=1200%2C630&ssl=1&resize=350%2C200 1x, https:\/\/i0.wp.com\/fuentis.com\/wp-content\/uploads\/2025\/06\/KRITIS-Identifikation-Gehoert-meine-Organisation-zu-KRITIS-dazu.png?fit=1200%2C630&ssl=1&resize=525%2C300 1.5x, https:\/\/i0.wp.com\/fuentis.com\/wp-content\/uploads\/2025\/06\/KRITIS-Identifikation-Gehoert-meine-Organisation-zu-KRITIS-dazu.png?fit=1200%2C630&ssl=1&resize=700%2C400 2x, https:\/\/i0.wp.com\/fuentis.com\/wp-content\/uploads\/2025\/06\/KRITIS-Identifikation-Gehoert-meine-Organisation-zu-KRITIS-dazu.png?fit=1200%2C630&ssl=1&resize=1050%2C600 3x"},"classes":[]},{"id":6558,"url":"https:\/\/fuentis.com\/en\/die-5-haeufigsten-fragen-zum-thema-isms\/","url_meta":{"origin":7622,"position":3},"title":"The 5 Most Common Questions About ISMS","author":"Srdan Manasijevic","date":"January 27, 2025","format":false,"excerpt":"Die 5 h\u00e4ufigsten Fragen zum Thema ISMS \u00a0 Was ist ein ISMS? Ein Informationsecuritymanagementsystem (ISMS) ist ein systematischer Ansatz, der aus einer Kombination von Richtlinien, Verfahren und technischen Ma\u00dfnahmen besteht, um die Informationssicherheit innerhalb einer Organisation zu gew\u00e4hrleisten. Ziel eines ISMS ist es, die Vertraulichkeit, Integrit\u00e4t und Verf\u00fcgbarkeit von Informationen\u2026","rel":"","context":"Similar post","block_context":{"text":"Similar post","link":""},"img":{"alt_text":"Welche Fragen werden am h\u00e4ufigsten zum Thema ISMS gestellt? In diesem Blog werden die 5 h\u00e4ufigsten Fragen zum Thema ISMS beantwortet.","src":"https:\/\/i0.wp.com\/fuentis.com\/wp-content\/uploads\/2025\/01\/OG-Image-Die-5-haeufigsten-Fragen-zum-Thema-ISMS-14.01.2025.png?fit=1200%2C630&ssl=1&resize=350%2C200","width":350,"height":200,"srcset":"https:\/\/i0.wp.com\/fuentis.com\/wp-content\/uploads\/2025\/01\/OG-Image-Die-5-haeufigsten-Fragen-zum-Thema-ISMS-14.01.2025.png?fit=1200%2C630&ssl=1&resize=350%2C200 1x, https:\/\/i0.wp.com\/fuentis.com\/wp-content\/uploads\/2025\/01\/OG-Image-Die-5-haeufigsten-Fragen-zum-Thema-ISMS-14.01.2025.png?fit=1200%2C630&ssl=1&resize=525%2C300 1.5x, https:\/\/i0.wp.com\/fuentis.com\/wp-content\/uploads\/2025\/01\/OG-Image-Die-5-haeufigsten-Fragen-zum-Thema-ISMS-14.01.2025.png?fit=1200%2C630&ssl=1&resize=700%2C400 2x, https:\/\/i0.wp.com\/fuentis.com\/wp-content\/uploads\/2025\/01\/OG-Image-Die-5-haeufigsten-Fragen-zum-Thema-ISMS-14.01.2025.png?fit=1200%2C630&ssl=1&resize=1050%2C600 3x"},"classes":[]},{"id":8010,"url":"https:\/\/fuentis.com\/en\/wer-braucht-eine-iso-27001-zertifizierung\/","url_meta":{"origin":7622,"position":4},"title":"Wer braucht eine ISO 27001 Zertifizierung?","author":"Srdan Manasijevic","date":"September 10, 2025","format":false,"excerpt":"Die neue Compliance-Realit\u00e4t in Deutschland Seit der NIS2-Richtlinie fragen sich Tausende von Unternehmen in Deutschland zum ersten Mal: Brauchen wir eine ISO 27001 Zertifizierung? Die Antwort ist komplexer, als die meisten denken und oft \u00fcberraschend. Durch NIS2 sind pl\u00f6tzlich neue Sektoren wie Sozialversicherung, Gesundheit und erweiterte Energiewirtschaft compliance-pflichtig, w\u00e4hrend gleichzeitig\u2026","rel":"","context":"In &quot;ISO 27001&quot;","block_context":{"text":"ISO 27001","link":"https:\/\/fuentis.com\/en\/category\/iso-27001\/"},"img":{"alt_text":"Erfahren Sie, wann eine ISO 27001 Zertifizierung Pflicht ist, wie sie sich vom BSI IT-Grundschutz unterscheidet und welche L\u00f6sung f\u00fcr Ihr Unternehmen passt.","src":"https:\/\/i0.wp.com\/fuentis.com\/wp-content\/uploads\/2025\/09\/Wer-bruacht-ISO-27001.png?fit=1200%2C630&ssl=1&resize=350%2C200","width":350,"height":200,"srcset":"https:\/\/i0.wp.com\/fuentis.com\/wp-content\/uploads\/2025\/09\/Wer-bruacht-ISO-27001.png?fit=1200%2C630&ssl=1&resize=350%2C200 1x, https:\/\/i0.wp.com\/fuentis.com\/wp-content\/uploads\/2025\/09\/Wer-bruacht-ISO-27001.png?fit=1200%2C630&ssl=1&resize=525%2C300 1.5x, https:\/\/i0.wp.com\/fuentis.com\/wp-content\/uploads\/2025\/09\/Wer-bruacht-ISO-27001.png?fit=1200%2C630&ssl=1&resize=700%2C400 2x, https:\/\/i0.wp.com\/fuentis.com\/wp-content\/uploads\/2025\/09\/Wer-bruacht-ISO-27001.png?fit=1200%2C630&ssl=1&resize=1050%2C600 3x"},"classes":[]},{"id":7145,"url":"https:\/\/fuentis.com\/en\/wann-ist-eine-iso-27001-zertifizierung-notwendig\/","url_meta":{"origin":7622,"position":5},"title":"When is ISO 27001 certification necessary?","author":"Srdan Manasijevic","date":"March 10, 2025","format":false,"excerpt":"Wann ist eine ISO 27001 Zertifizierung notwendig? Die Informationssicherheit ist in einer zunehmend digitalisierten Welt von entscheidender Bedeutung. Unternehmen, die sensible Daten verwalten oder mit Kundeninformationen arbeiten, m\u00fcssen sich vor Cyberangriffen, Datenlecks und rechtlichen Konsequenzen sch\u00fctzen. Eine ISO 27001-Zertifizierung hilft dabei, Sicherheitsrisiken zu minimieren und ein solides Informationssicherheitsmanagementsystem (ISMS) zu\u2026","rel":"","context":"With 1 comment","block_context":{"text":"With 1 comment","link":"https:\/\/fuentis.com\/en\/wann-ist-eine-iso-27001-zertifizierung-notwendig\/#comments"},"img":{"alt_text":"Wann ist eine ISO 27001 Zertifizierung notwendig? Welche Vorteile bringt eine Zertifizierung nach ISO 27001 mit sich? Diese Fragen wollen wir in unserem Blog kl\u00e4ren.","src":"https:\/\/i0.wp.com\/fuentis.com\/wp-content\/uploads\/2025\/03\/Wann-ist-eine-ISO-27001-Zertifizierung-notwendig.webp?fit=1200%2C630&ssl=1&resize=350%2C200","width":350,"height":200,"srcset":"https:\/\/i0.wp.com\/fuentis.com\/wp-content\/uploads\/2025\/03\/Wann-ist-eine-ISO-27001-Zertifizierung-notwendig.webp?fit=1200%2C630&ssl=1&resize=350%2C200 1x, https:\/\/i0.wp.com\/fuentis.com\/wp-content\/uploads\/2025\/03\/Wann-ist-eine-ISO-27001-Zertifizierung-notwendig.webp?fit=1200%2C630&ssl=1&resize=525%2C300 1.5x, https:\/\/i0.wp.com\/fuentis.com\/wp-content\/uploads\/2025\/03\/Wann-ist-eine-ISO-27001-Zertifizierung-notwendig.webp?fit=1200%2C630&ssl=1&resize=700%2C400 2x, https:\/\/i0.wp.com\/fuentis.com\/wp-content\/uploads\/2025\/03\/Wann-ist-eine-ISO-27001-Zertifizierung-notwendig.webp?fit=1200%2C630&ssl=1&resize=1050%2C600 3x"},"classes":[]}],"_links":{"self":[{"href":"https:\/\/fuentis.com\/en\/wp-json\/wp\/v2\/posts\/7622","targetHints":{"allow":["GET"]}}],"collection":[{"href":"https:\/\/fuentis.com\/en\/wp-json\/wp\/v2\/posts"}],"about":[{"href":"https:\/\/fuentis.com\/en\/wp-json\/wp\/v2\/types\/post"}],"author":[{"embeddable":true,"href":"https:\/\/fuentis.com\/en\/wp-json\/wp\/v2\/users\/249796503"}],"replies":[{"embeddable":true,"href":"https:\/\/fuentis.com\/en\/wp-json\/wp\/v2\/comments?post=7622"}],"version-history":[{"count":30,"href":"https:\/\/fuentis.com\/en\/wp-json\/wp\/v2\/posts\/7622\/revisions"}],"predecessor-version":[{"id":7690,"href":"https:\/\/fuentis.com\/en\/wp-json\/wp\/v2\/posts\/7622\/revisions\/7690"}],"wp:featuredmedia":[{"embeddable":true,"href":"https:\/\/fuentis.com\/en\/wp-json\/wp\/v2\/media\/7634"}],"wp:attachment":[{"href":"https:\/\/fuentis.com\/en\/wp-json\/wp\/v2\/media?parent=7622"}],"wp:term":[{"taxonomy":"category","embeddable":true,"href":"https:\/\/fuentis.com\/en\/wp-json\/wp\/v2\/categories?post=7622"},{"taxonomy":"post_tag","embeddable":true,"href":"https:\/\/fuentis.com\/en\/wp-json\/wp\/v2\/tags?post=7622"}],"curies":[{"name":"wp","href":"https:\/\/api.w.org\/{rel}","templated":true}]}}